{"id":90100,"date":"2022-11-21T08:56:25","date_gmt":"2022-11-21T11:56:25","guid":{"rendered":"https:\/\/blogdoedvaldomagalhaes.com.br\/?p=90100"},"modified":"2022-11-21T08:56:26","modified_gmt":"2022-11-21T11:56:26","slug":"prf-apreende-47-comprimidos-de-rebite-em-dois-caminhoes","status":"publish","type":"post","link":"https:\/\/blogdoedvaldomagalhaes.com.br\/index.php\/2022\/11\/21\/prf-apreende-47-comprimidos-de-rebite-em-dois-caminhoes\/","title":{"rendered":"PRF apreende 47 comprimidos de &#8220;rebite&#8221; em dois caminh\u00f5es"},"content":{"rendered":"<p style=\"text-align: justify;\"><span style=\"color: initial; font-size: revert;\">Em duas abordagens realizadas no domingo (20), a Pol\u00edcia Rodovi\u00e1ria Federal (PRF) apreendeu 47 comprimidos de \u201crebite\u201d, uma anfetamina que n\u00e3o possui registro na Ag\u00eancia Nacional de Vigil\u00e2ncia Sanit\u00e1ria (ANVISA), o que torna seu uso e comercializa\u00e7\u00e3o proibidos no pa\u00eds. As subst\u00e2ncias foram encontradas com motoristas de caminh\u00e3o, na BR 116, em Salgueiro, no Sert\u00e3o de Pernambuco.<\/span><\/p>\n<p style=\"text-align: justify;\">Dois caminh\u00f5es trafegavam juntos na rodovia, quando foram abordados em uma blitz de seguran\u00e7a vi\u00e1ria. Durante a fiscaliza\u00e7\u00e3o, o primeiro condutor admitiu que transportava uma cartela com nove comprimidos de uma subst\u00e2ncia para se manter acordado. O disco do tac\u00f3grafo do ve\u00edculo, que comprova o tempo de descanso obrigat\u00f3rio, tamb\u00e9m estava quebrado.<\/p>\n<p style=\"text-align: justify;\">J\u00e1 o segundo condutor portava 38 comprimidos da droga, que \u00e9 utilizada de forma ilegal para inibir o sono em viagens de longas dist\u00e2ncias. Diante dos flagrantes, os condutores foram autuados por porte de droga, de acordo com o artigo 28 da Lei 11.343\/06. Foto: Divulga\u00e7\u00e3o\/PRF.<\/p>\n<p style=\"text-align: justify;\">Siga o Instagram do Blog @blogdoedvaldomagalhaes<\/p>\n<p style=\"text-align: justify;\">Se inscreva no canal do Blog no YouTube.<\/p>\n","protected":false},"excerpt":{"rendered":"<p>Em duas abordagens realizadas no domingo (20), a Pol\u00edcia Rodovi\u00e1ria Federal (PRF) apreendeu 47 comprimidos de \u201crebite\u201d, uma anfetamina que&hellip;<\/p>\n","protected":false},"author":1,"featured_media":90101,"comment_status":"closed","ping_status":"open","sticky":false,"template":"","format":"standard","meta":{"footnotes":""},"categories":[14121],"tags":[2,19532,3406,26109],"class_list":["post-90100","post","type-post","status-publish","format-standard","has-post-thumbnail","hentry","category-policial","tag-blog-do-edvaldo-magalhaes","tag-blog-mais-acessado-e-visualizado-de-caruaru-e-regiao","tag-caruaru","tag-prf-apreende-47-comprimidos-de-rebite-em-dois-caminhoes"],"_links":{"self":[{"href":"https:\/\/blogdoedvaldomagalhaes.com.br\/index.php\/wp-json\/wp\/v2\/posts\/90100","targetHints":{"allow":["GET"]}}],"collection":[{"href":"https:\/\/blogdoedvaldomagalhaes.com.br\/index.php\/wp-json\/wp\/v2\/posts"}],"about":[{"href":"https:\/\/blogdoedvaldomagalhaes.com.br\/index.php\/wp-json\/wp\/v2\/types\/post"}],"author":[{"embeddable":true,"href":"https:\/\/blogdoedvaldomagalhaes.com.br\/index.php\/wp-json\/wp\/v2\/users\/1"}],"replies":[{"embeddable":true,"href":"https:\/\/blogdoedvaldomagalhaes.com.br\/index.php\/wp-json\/wp\/v2\/comments?post=90100"}],"version-history":[{"count":1,"href":"https:\/\/blogdoedvaldomagalhaes.com.br\/index.php\/wp-json\/wp\/v2\/posts\/90100\/revisions"}],"predecessor-version":[{"id":90102,"href":"https:\/\/blogdoedvaldomagalhaes.com.br\/index.php\/wp-json\/wp\/v2\/posts\/90100\/revisions\/90102"}],"wp:featuredmedia":[{"embeddable":true,"href":"https:\/\/blogdoedvaldomagalhaes.com.br\/index.php\/wp-json\/wp\/v2\/media\/90101"}],"wp:attachment":[{"href":"https:\/\/blogdoedvaldomagalhaes.com.br\/index.php\/wp-json\/wp\/v2\/media?parent=90100"}],"wp:term":[{"taxonomy":"category","embeddable":true,"href":"https:\/\/blogdoedvaldomagalhaes.com.br\/index.php\/wp-json\/wp\/v2\/categories?post=90100"},{"taxonomy":"post_tag","embeddable":true,"href":"https:\/\/blogdoedvaldomagalhaes.com.br\/index.php\/wp-json\/wp\/v2\/tags?post=90100"}],"curies":[{"name":"wp","href":"https:\/\/api.w.org\/{rel}","templated":true}]}}