{"id":901,"date":"2018-10-25T18:46:00","date_gmt":"2018-10-25T20:46:00","guid":{"rendered":"http:\/\/blogdoedvaldomagalhaes.com.br\/index.php\/2018\/10\/25\/abertas-inscricoes-para-3-feirao-de\/"},"modified":"2019-02-09T02:36:48","modified_gmt":"2019-02-09T04:36:48","slug":"abertas-inscricoes-para-3-feirao-de","status":"publish","type":"post","link":"https:\/\/blogdoedvaldomagalhaes.com.br\/index.php\/2018\/10\/25\/abertas-inscricoes-para-3-feirao-de\/","title":{"rendered":"Abertas inscri\u00e7\u00f5es para 3\u00ba Feir\u00e3o de Empregabilidade para Pessoas com Defici\u00eancia e Jovem Aprendiz"},"content":{"rendered":"<div class=\"separator\" style=\"clear: both; text-align: center;\">\n<a href=\"https:\/\/1.bp.blogspot.com\/-r2qmj5PI28I\/W9IO0dxrj4I\/AAAAAAAA8XM\/8f0tPYucJ7021NBdGr3f8y7Wcl2PrF8QACLcBGAs\/s1600\/1.JPG\" imageanchor=\"1\" style=\"margin-left: 1em; margin-right: 1em;\"><img loading=\"lazy\" decoding=\"async\" border=\"0\" data-original-height=\"1065\" data-original-width=\"1600\" height=\"424\" src=\"http:\/\/blogdoedvaldomagalhaes.com.br\/wp-content\/uploads\/2018\/10\/1-14.jpg\" width=\"640\" \/><\/a><\/div>\n<div class=\"separator\" style=\"clear: both; text-align: center;\">\nFotos: Jana\u00edna Pepeu\/Divulga\u00e7\u00e3o<\/div>\n<div style=\"text-align: justify;\">\n<\/div>\n<div style=\"text-align: justify;\">\nDe acordo com dados do censo do IBGE de 2010, em Caruaru existem mais de 40 mil pessoas com defici\u00eancia, o que representa 15% da popula\u00e7\u00e3o do munic\u00edpio, e 89.845 jovens entre 14 e 24 anos, que corresponde \u00e0 28,5% dos caruaruenses. Com o intuito de criar pol\u00edticas inclusivas para esses p\u00fablicos, a Prefeitura de Caruaru, atrav\u00e9s da Secretaria de Desenvolvimento Social e Direitos Humanos, por meio da Coordena\u00e7\u00e3o de Promo\u00e7\u00e3o das Pessoas com Defici\u00eancia, ir\u00e1 realizar o III Feir\u00e3o de Empregabilidade para Pessoas com Defici\u00eancia e Jovem Aprendiz de Caruaru.<\/div>\n<div style=\"text-align: justify;\">\n<\/div>\n<div class=\"separator\" style=\"clear: both; text-align: center;\">\n<a href=\"https:\/\/1.bp.blogspot.com\/-dOkbrJM8YSI\/W9IPHkUgLPI\/AAAAAAAA8XU\/WlZo-GBvxHUMTJeDpAF_ZVyhwHA_ENzXwCLcBGAs\/s1600\/2.JPG\" imageanchor=\"1\" style=\"margin-left: 1em; margin-right: 1em;\"><img loading=\"lazy\" decoding=\"async\" border=\"0\" data-original-height=\"1065\" data-original-width=\"1600\" height=\"424\" src=\"http:\/\/blogdoedvaldomagalhaes.com.br\/wp-content\/uploads\/2018\/10\/2-12.jpg\" width=\"640\" \/><\/a><\/div>\n<div style=\"text-align: justify;\">\n<\/div>\n<div style=\"text-align: justify;\">\nA a\u00e7\u00e3o contar\u00e1 tamb\u00e9m com a parceria da Secretaria de Desenvolvimento Econ\u00f4mico \/ Economia Criativa do munic\u00edpio e ser\u00e1 realizada no Espa\u00e7o de Eventos do Caruaru Shopping, no dia 20 de novembro de 2018, das 9h \u00e0s 17h. O objetivo \u00e9 proporcionar a aproxima\u00e7\u00e3o das empresas que disponham de vagas, das pessoas que atendam o perfil e buscam inser\u00e7\u00e3o no mercado de trabalho. Os candidatos ter\u00e3o \u00e0 disposi\u00e7\u00e3o uma estrutura composta por estandes de atendimentos das empresas parceiras, com a oferta do n\u00famero de vagas e a exposi\u00e7\u00e3o do material de divulga\u00e7\u00e3o institucional.<\/div>\n<div style=\"text-align: justify;\">\n<\/div>\n<div class=\"separator\" style=\"clear: both; text-align: center;\">\n<a href=\"https:\/\/2.bp.blogspot.com\/-c6aA2n36peQ\/W9IPRQpdUKI\/AAAAAAAA8XY\/jZ5SXhKyOz83Ahjbuq-5qvLKkTc0L_esgCLcBGAs\/s1600\/3.JPG\" imageanchor=\"1\" style=\"margin-left: 1em; margin-right: 1em;\"><img loading=\"lazy\" decoding=\"async\" border=\"0\" data-original-height=\"1065\" data-original-width=\"1600\" height=\"424\" src=\"http:\/\/blogdoedvaldomagalhaes.com.br\/wp-content\/uploads\/2018\/10\/3-9.jpg\" width=\"640\" \/><\/a><\/div>\n<div style=\"text-align: justify;\">\n<\/div>\n<div style=\"text-align: justify;\">\nO feir\u00e3o ser\u00e1 tamb\u00e9m uma oportunidade de promover a aprendizagem com as oficinas de forma\u00e7\u00e3o profissional que ser\u00e3o ministradas no local para os interessados. Os candidatos que n\u00e3o tiverem condi\u00e7\u00f5es de levar o curr\u00edculo pronto poder\u00e3o contar com uma equipe que estar\u00e1 confeccionando o documento no local, e poder\u00e3o entregar diretamente \u00e0s empresas expositoras do feir\u00e3o, no caso de possibilidade ou interesse de contrata\u00e7\u00e3o. O Minist\u00e9rio do Trabalho estar\u00e1 presente fornecendo Carteira de Trabalho. O Caruaru Shopping \u00e9 um importante parceiro que ir\u00e1 possibilitar toda a a\u00e7\u00e3o.<\/div>\n<div style=\"text-align: justify;\">\n<\/div>\n<div class=\"separator\" style=\"clear: both; text-align: center;\">\n<a href=\"https:\/\/1.bp.blogspot.com\/-Dx791WiYNKI\/W9IPgsaMP3I\/AAAAAAAA8Xg\/4UJGpodV5dADcpz-WIWlC1vvis-TPRERQCLcBGAs\/s1600\/4.JPG\" imageanchor=\"1\" style=\"margin-left: 1em; margin-right: 1em;\"><img loading=\"lazy\" decoding=\"async\" border=\"0\" data-original-height=\"1065\" data-original-width=\"1600\" height=\"424\" src=\"http:\/\/blogdoedvaldomagalhaes.com.br\/wp-content\/uploads\/2018\/10\/4-6.jpg\" width=\"640\" \/><\/a><\/div>\n<div style=\"text-align: justify;\">\n<\/div>\n<div style=\"text-align: justify;\">\nAs ofertas de emprego ser\u00e3o voltadas para quem tem entre 14 e 24 anos, no caso do Jovem Aprendiz, e para pessoas com defici\u00eancia, sem limite de idade. As inscri\u00e7\u00f5es est\u00e3o abertas at\u00e9 o dia 19 de novembro, atrav\u00e9s do link do Conecta Oportunidades: http:\/\/conectaoportunidades.caruaru.pe.gov.br\/feirao-da-empregabilidade. Quem n\u00e3o conseguir fazer on-line, pode realizar o cadastro de forma presencial, no dia do evento.<\/div>\n<div style=\"text-align: justify;\">\n<\/div>\n<div style=\"text-align: justify;\">\n<\/div>\n","protected":false},"excerpt":{"rendered":"<p>Fotos: Jana\u00edna Pepeu\/Divulga\u00e7\u00e3o De acordo com dados do censo do IBGE de 2010, em Caruaru existem mais de 40 mil&hellip;<\/p>\n","protected":false},"author":1,"featured_media":0,"comment_status":"open","ping_status":"open","sticky":false,"template":"","format":"standard","meta":{"footnotes":""},"categories":[1],"tags":[851,2,6],"class_list":["post-901","post","type-post","status-publish","format-standard","hentry","category-sem-categoria","tag-abertas-inscricoes-para-3o-feirao-de-empregabilidade-para-pessoas-com-deficiencia-e-jovem-aprendiz","tag-blog-do-edvaldo-magalhaes","tag-noticias"],"_links":{"self":[{"href":"https:\/\/blogdoedvaldomagalhaes.com.br\/index.php\/wp-json\/wp\/v2\/posts\/901","targetHints":{"allow":["GET"]}}],"collection":[{"href":"https:\/\/blogdoedvaldomagalhaes.com.br\/index.php\/wp-json\/wp\/v2\/posts"}],"about":[{"href":"https:\/\/blogdoedvaldomagalhaes.com.br\/index.php\/wp-json\/wp\/v2\/types\/post"}],"author":[{"embeddable":true,"href":"https:\/\/blogdoedvaldomagalhaes.com.br\/index.php\/wp-json\/wp\/v2\/users\/1"}],"replies":[{"embeddable":true,"href":"https:\/\/blogdoedvaldomagalhaes.com.br\/index.php\/wp-json\/wp\/v2\/comments?post=901"}],"version-history":[{"count":1,"href":"https:\/\/blogdoedvaldomagalhaes.com.br\/index.php\/wp-json\/wp\/v2\/posts\/901\/revisions"}],"predecessor-version":[{"id":35249,"href":"https:\/\/blogdoedvaldomagalhaes.com.br\/index.php\/wp-json\/wp\/v2\/posts\/901\/revisions\/35249"}],"wp:attachment":[{"href":"https:\/\/blogdoedvaldomagalhaes.com.br\/index.php\/wp-json\/wp\/v2\/media?parent=901"}],"wp:term":[{"taxonomy":"category","embeddable":true,"href":"https:\/\/blogdoedvaldomagalhaes.com.br\/index.php\/wp-json\/wp\/v2\/categories?post=901"},{"taxonomy":"post_tag","embeddable":true,"href":"https:\/\/blogdoedvaldomagalhaes.com.br\/index.php\/wp-json\/wp\/v2\/tags?post=901"}],"curies":[{"name":"wp","href":"https:\/\/api.w.org\/{rel}","templated":true}]}}