{"id":90097,"date":"2022-11-20T16:23:21","date_gmt":"2022-11-20T19:23:21","guid":{"rendered":"https:\/\/blogdoedvaldomagalhaes.com.br\/?p=90097"},"modified":"2022-11-20T16:23:22","modified_gmt":"2022-11-20T19:23:22","slug":"prefeitura-de-caruaru-e-parceiros-oferecem-microcredito-no-comercio-na-praca","status":"publish","type":"post","link":"https:\/\/blogdoedvaldomagalhaes.com.br\/index.php\/2022\/11\/20\/prefeitura-de-caruaru-e-parceiros-oferecem-microcredito-no-comercio-na-praca\/","title":{"rendered":"Prefeitura de Caruaru e parceiros oferecem microcr\u00e9dito no Com\u00e9rcio na Pra\u00e7a"},"content":{"rendered":"<p style=\"text-align: justify;\"><span style=\"color: initial; font-size: revert;\">A prefeitura de Caruaru, por meio da Secretaria de Desenvolvimento Econ\u00f4mico, Turismo e Economia Criativa (Sedetec), levou para o Com\u00e9rcio na Pra\u00e7a, na Leoc\u00e1dio Porto, uma iniciativa bastante interessante e voltada para o empreendedorismo: o Microcr\u00e9dito na Rua. O programa tem como objetivo incentivar as atividades de empreendedores de neg\u00f3cios locais, atrav\u00e9s da concess\u00e3o de microcr\u00e9dito orientado, feita pelos bancos credenciados, Santander e Nordeste.<\/span><\/p>\n<p style=\"text-align: justify;\">Durante a a\u00e7\u00e3o, as equipes das duas institui\u00e7\u00f5es banc\u00e1rias estar\u00e3o em um ponto fixo do Com\u00e9rcio na Pra\u00e7a, oferecendo aos interessados linhas de cr\u00e9dito para capital de giro e montagem de neg\u00f3cio. A iniciativa \u00e9 destinada, exclusivamente, para microempreendedores formais e informais, a exemplo de comerciantes, vendedores ambulantes, profissionais aut\u00f4nomos e prestadores de servi\u00e7os, bem como a pequenas cooperativas.<\/p>\n<p style=\"text-align: justify;\">O Microcr\u00e9dito na Rua estar\u00e1 funcionando desta segunda-feira (21) at\u00e9 a pr\u00f3xima sexta-feira (25) e do dia 28 a 30 deste m\u00eas, sempre das 9h at\u00e9 as 16h. O Com\u00e9rcio na Pra\u00e7a da Leoc\u00e1dio Porto fica localizado Ant\u00f4nio Avelino, n\u00ba 10, no centro de Caruaru. Foto: Prefeitura de Caruaru.<\/p>\n<p style=\"text-align: justify;\">Siga o Instagram do Blog @blogdoedvaldomagalhaes<\/p>\n<p style=\"text-align: justify;\">Se inscreva no canal do Blog no YouTube.<\/p>\n","protected":false},"excerpt":{"rendered":"<p>A prefeitura de Caruaru, por meio da Secretaria de Desenvolvimento Econ\u00f4mico, Turismo e Economia Criativa (Sedetec), levou para o Com\u00e9rcio&hellip;<\/p>\n","protected":false},"author":1,"featured_media":90098,"comment_status":"closed","ping_status":"open","sticky":false,"template":"","format":"standard","meta":{"footnotes":""},"categories":[14120],"tags":[2,19532,3406,26108],"class_list":["post-90097","post","type-post","status-publish","format-standard","has-post-thumbnail","hentry","category-noticias","tag-blog-do-edvaldo-magalhaes","tag-blog-mais-acessado-e-visualizado-de-caruaru-e-regiao","tag-caruaru","tag-prefeitura-de-caruaru-e-parceiros-oferecem-microcredito-no-comercio-na-praca"],"_links":{"self":[{"href":"https:\/\/blogdoedvaldomagalhaes.com.br\/index.php\/wp-json\/wp\/v2\/posts\/90097","targetHints":{"allow":["GET"]}}],"collection":[{"href":"https:\/\/blogdoedvaldomagalhaes.com.br\/index.php\/wp-json\/wp\/v2\/posts"}],"about":[{"href":"https:\/\/blogdoedvaldomagalhaes.com.br\/index.php\/wp-json\/wp\/v2\/types\/post"}],"author":[{"embeddable":true,"href":"https:\/\/blogdoedvaldomagalhaes.com.br\/index.php\/wp-json\/wp\/v2\/users\/1"}],"replies":[{"embeddable":true,"href":"https:\/\/blogdoedvaldomagalhaes.com.br\/index.php\/wp-json\/wp\/v2\/comments?post=90097"}],"version-history":[{"count":1,"href":"https:\/\/blogdoedvaldomagalhaes.com.br\/index.php\/wp-json\/wp\/v2\/posts\/90097\/revisions"}],"predecessor-version":[{"id":90099,"href":"https:\/\/blogdoedvaldomagalhaes.com.br\/index.php\/wp-json\/wp\/v2\/posts\/90097\/revisions\/90099"}],"wp:featuredmedia":[{"embeddable":true,"href":"https:\/\/blogdoedvaldomagalhaes.com.br\/index.php\/wp-json\/wp\/v2\/media\/90098"}],"wp:attachment":[{"href":"https:\/\/blogdoedvaldomagalhaes.com.br\/index.php\/wp-json\/wp\/v2\/media?parent=90097"}],"wp:term":[{"taxonomy":"category","embeddable":true,"href":"https:\/\/blogdoedvaldomagalhaes.com.br\/index.php\/wp-json\/wp\/v2\/categories?post=90097"},{"taxonomy":"post_tag","embeddable":true,"href":"https:\/\/blogdoedvaldomagalhaes.com.br\/index.php\/wp-json\/wp\/v2\/tags?post=90097"}],"curies":[{"name":"wp","href":"https:\/\/api.w.org\/{rel}","templated":true}]}}