{"id":90090,"date":"2022-11-20T15:38:10","date_gmt":"2022-11-20T18:38:10","guid":{"rendered":"https:\/\/blogdoedvaldomagalhaes.com.br\/?p=90090"},"modified":"2022-11-20T15:38:11","modified_gmt":"2022-11-20T18:38:11","slug":"foragido-da-justica-e-preso-por-trafico","status":"publish","type":"post","link":"https:\/\/blogdoedvaldomagalhaes.com.br\/index.php\/2022\/11\/20\/foragido-da-justica-e-preso-por-trafico\/","title":{"rendered":"Foragido da Justi\u00e7a \u00e9 preso por tr\u00e1fico"},"content":{"rendered":"<p style=\"text-align: justify;\"><span style=\"font-size: revert; color: initial;\">Policiais militares da CIPMoto prenderam um homem por tr\u00e1fico de drogas, no in\u00edcio da madrugada deste domingo(20), em Jaboat\u00e3o dos Guararapes. O efetivo realizava rondas no bairro de Jardim Jord\u00e3o quando recebeu informa\u00e7\u00f5es sobre a pr\u00e1tica criminosa em um bar, na Avenida C\u00f3rrego da Batalha. <\/span><\/p>\n<p style=\"text-align: justify;\"><span style=\"font-size: revert; color: initial;\">Foi feito o deslocamento at\u00e9 o ponto indicado e os policiais visualizaram toda a pr\u00e1tica delituosa e aguardaram o momento oportuno para realizar a abordagem. Com o suspeito foi encontrada uma pedra bruta de crack pesando, aproximadamente, 47 gramas. <\/span><\/p>\n<p style=\"text-align: justify;\"><span style=\"font-size: revert; color: initial;\">Diante do fato, ele foi detido e encaminhado para a Delegacia de Pol\u00edcia Civil de Prazeres, onde foi constatado que o envolvido possu\u00eda um Mandado de Pris\u00e3o em aberto por homic\u00eddio. Foto: Divulga\u00e7\u00e3o\/PMPE.<\/span><\/p>\n<p style=\"text-align: justify;\">Siga o Instagram do Blog @blogdoedvaldomagalhaes<\/p>\n<p style=\"text-align: justify;\">Se inscreva no canal do Blog no YouTube.<\/p>\n","protected":false},"excerpt":{"rendered":"<p>Policiais militares da CIPMoto prenderam um homem por tr\u00e1fico de drogas, no in\u00edcio da madrugada deste domingo(20), em Jaboat\u00e3o dos&hellip;<\/p>\n","protected":false},"author":1,"featured_media":90091,"comment_status":"closed","ping_status":"open","sticky":false,"template":"","format":"standard","meta":{"footnotes":""},"categories":[14121],"tags":[2,19532,3406,26106],"class_list":["post-90090","post","type-post","status-publish","format-standard","has-post-thumbnail","hentry","category-policial","tag-blog-do-edvaldo-magalhaes","tag-blog-mais-acessado-e-visualizado-de-caruaru-e-regiao","tag-caruaru","tag-foragido-da-justica-e-preso-por-trafico"],"_links":{"self":[{"href":"https:\/\/blogdoedvaldomagalhaes.com.br\/index.php\/wp-json\/wp\/v2\/posts\/90090","targetHints":{"allow":["GET"]}}],"collection":[{"href":"https:\/\/blogdoedvaldomagalhaes.com.br\/index.php\/wp-json\/wp\/v2\/posts"}],"about":[{"href":"https:\/\/blogdoedvaldomagalhaes.com.br\/index.php\/wp-json\/wp\/v2\/types\/post"}],"author":[{"embeddable":true,"href":"https:\/\/blogdoedvaldomagalhaes.com.br\/index.php\/wp-json\/wp\/v2\/users\/1"}],"replies":[{"embeddable":true,"href":"https:\/\/blogdoedvaldomagalhaes.com.br\/index.php\/wp-json\/wp\/v2\/comments?post=90090"}],"version-history":[{"count":1,"href":"https:\/\/blogdoedvaldomagalhaes.com.br\/index.php\/wp-json\/wp\/v2\/posts\/90090\/revisions"}],"predecessor-version":[{"id":90092,"href":"https:\/\/blogdoedvaldomagalhaes.com.br\/index.php\/wp-json\/wp\/v2\/posts\/90090\/revisions\/90092"}],"wp:featuredmedia":[{"embeddable":true,"href":"https:\/\/blogdoedvaldomagalhaes.com.br\/index.php\/wp-json\/wp\/v2\/media\/90091"}],"wp:attachment":[{"href":"https:\/\/blogdoedvaldomagalhaes.com.br\/index.php\/wp-json\/wp\/v2\/media?parent=90090"}],"wp:term":[{"taxonomy":"category","embeddable":true,"href":"https:\/\/blogdoedvaldomagalhaes.com.br\/index.php\/wp-json\/wp\/v2\/categories?post=90090"},{"taxonomy":"post_tag","embeddable":true,"href":"https:\/\/blogdoedvaldomagalhaes.com.br\/index.php\/wp-json\/wp\/v2\/tags?post=90090"}],"curies":[{"name":"wp","href":"https:\/\/api.w.org\/{rel}","templated":true}]}}