{"id":90087,"date":"2022-11-20T11:15:14","date_gmt":"2022-11-20T14:15:14","guid":{"rendered":"https:\/\/blogdoedvaldomagalhaes.com.br\/?p=90087"},"modified":"2022-11-20T11:15:15","modified_gmt":"2022-11-20T14:15:15","slug":"motociclista-morre-apos-colidir-em-traseira-de-veiculo-nao-identificado","status":"publish","type":"post","link":"https:\/\/blogdoedvaldomagalhaes.com.br\/index.php\/2022\/11\/20\/motociclista-morre-apos-colidir-em-traseira-de-veiculo-nao-identificado\/","title":{"rendered":"Motociclista morre ap\u00f3s colidir em traseira de ve\u00edculo n\u00e3o identificado"},"content":{"rendered":"<p style=\"text-align: justify;\">O sinistro ocorreu por volta das 17h, no km 82,7 da BR 101, em Jaboat\u00e3o dos Guararapes, no sentido Cabo de Santo Agostinho.<\/p>\n<p style=\"text-align: justify;\">Pelos vest\u00edgios verificados no local, o condutor de uma moto colidiu na parte de tr\u00e1s de um ve\u00edculo n\u00e3o identificado.<\/p>\n<p style=\"text-align: justify;\">O condutor da moto estava sozinho no ve\u00edculo e faleceu no local.<\/p>\n<p style=\"text-align: justify;\">Al\u00e9m da PRF, o Corpo de Bombeiros, IC, IML e Pol\u00edcia Civil estiveram no local. A Pol\u00edcia Civil vai investigar o caso. Foto: Divulga\u00e7\u00e3o\/PRF.<\/p>\n<p style=\"text-align: justify;\">Siga o Instagram do Blog @blogdoedvaldomagalhaes<\/p>\n<p style=\"text-align: justify;\">Se inscreva no canal do Blog no YouTube.<\/p>\n","protected":false},"excerpt":{"rendered":"<p>O sinistro ocorreu por volta das 17h, no km 82,7 da BR 101, em Jaboat\u00e3o dos Guararapes, no sentido Cabo&hellip;<\/p>\n","protected":false},"author":1,"featured_media":90088,"comment_status":"closed","ping_status":"open","sticky":false,"template":"","format":"standard","meta":{"footnotes":""},"categories":[14120],"tags":[14276,2,19532,3406,26105],"class_list":["post-90087","post","type-post","status-publish","format-standard","has-post-thumbnail","hentry","category-noticias","tag-acidente","tag-blog-do-edvaldo-magalhaes","tag-blog-mais-acessado-e-visualizado-de-caruaru-e-regiao","tag-caruaru","tag-motociclista-morre-apos-colidir-em-traseira-de-veiculo-nao-identificado"],"_links":{"self":[{"href":"https:\/\/blogdoedvaldomagalhaes.com.br\/index.php\/wp-json\/wp\/v2\/posts\/90087","targetHints":{"allow":["GET"]}}],"collection":[{"href":"https:\/\/blogdoedvaldomagalhaes.com.br\/index.php\/wp-json\/wp\/v2\/posts"}],"about":[{"href":"https:\/\/blogdoedvaldomagalhaes.com.br\/index.php\/wp-json\/wp\/v2\/types\/post"}],"author":[{"embeddable":true,"href":"https:\/\/blogdoedvaldomagalhaes.com.br\/index.php\/wp-json\/wp\/v2\/users\/1"}],"replies":[{"embeddable":true,"href":"https:\/\/blogdoedvaldomagalhaes.com.br\/index.php\/wp-json\/wp\/v2\/comments?post=90087"}],"version-history":[{"count":1,"href":"https:\/\/blogdoedvaldomagalhaes.com.br\/index.php\/wp-json\/wp\/v2\/posts\/90087\/revisions"}],"predecessor-version":[{"id":90089,"href":"https:\/\/blogdoedvaldomagalhaes.com.br\/index.php\/wp-json\/wp\/v2\/posts\/90087\/revisions\/90089"}],"wp:featuredmedia":[{"embeddable":true,"href":"https:\/\/blogdoedvaldomagalhaes.com.br\/index.php\/wp-json\/wp\/v2\/media\/90088"}],"wp:attachment":[{"href":"https:\/\/blogdoedvaldomagalhaes.com.br\/index.php\/wp-json\/wp\/v2\/media?parent=90087"}],"wp:term":[{"taxonomy":"category","embeddable":true,"href":"https:\/\/blogdoedvaldomagalhaes.com.br\/index.php\/wp-json\/wp\/v2\/categories?post=90087"},{"taxonomy":"post_tag","embeddable":true,"href":"https:\/\/blogdoedvaldomagalhaes.com.br\/index.php\/wp-json\/wp\/v2\/tags?post=90087"}],"curies":[{"name":"wp","href":"https:\/\/api.w.org\/{rel}","templated":true}]}}