{"id":90075,"date":"2022-11-19T11:48:31","date_gmt":"2022-11-19T14:48:31","guid":{"rendered":"https:\/\/blogdoedvaldomagalhaes.com.br\/?p=90075"},"modified":"2022-11-19T11:48:33","modified_gmt":"2022-11-19T14:48:33","slug":"centro-de-testagem-de-caruaru-esta-funcionando-nos-finais-de-semana","status":"publish","type":"post","link":"https:\/\/blogdoedvaldomagalhaes.com.br\/index.php\/2022\/11\/19\/centro-de-testagem-de-caruaru-esta-funcionando-nos-finais-de-semana\/","title":{"rendered":"Centro de Testagem de Caruaru est\u00e1 funcionando nos finais de semana"},"content":{"rendered":"<p style=\"text-align: justify;\"><span style=\"color: initial; font-size: revert; text-align: justify;\">A partir deste s\u00e1bado (19), o Centro Municipal de Testagem (CTM), que funciona na \u00e1rea externa do Centro de Sa\u00fade Ana Rodrigues, ir\u00e1 funcionar nos dois pr\u00f3ximos finais de semana, devido ao aumento na procura pelo servi\u00e7o.<\/span><\/p>\n<p style=\"text-align: justify;\">Tanto nos dias 19 e 20, quanto nos dias 26 e 27 de novembro, o espa\u00e7o funcionar\u00e1 das 8h \u00e0s 16h. A medida visa avaliar a procura e entender a poss\u00edvel necessidade de amplia\u00e7\u00e3o do servi\u00e7o.<\/p>\n<p style=\"text-align: justify;\">\u201cFacilitar o acesso a testagem de Covid-19 \u00e9 de extrema import\u00e2ncia para a identifica\u00e7\u00e3o de novos casos e conter o avan\u00e7o da variante \u00d4micron, que tem transmissibilidade mais alta em compara\u00e7\u00e3o a outras cepas do coronav\u00edrus\u201d, explicou o gerente de Vigil\u00e2ncia Epidemiol\u00f3gica, Italo Ramon.<\/p>\n<p style=\"text-align: justify;\">Para realizar o teste \u00e9 necess\u00e1rio comparecer ao local dentro do hor\u00e1rio de funcionamento com documento oficial com foto, cart\u00e3o SUS e comprovante de resid\u00eancia. De segunda a sexta-feira o hor\u00e1rio \u00e9 das 7h30 \u00e0s 16h. Aos s\u00e1bados e domingos, o hor\u00e1rio \u00e9 das 8h \u00e0s 16h. Foto: Jorge Farias.<\/p>\n<p style=\"text-align: justify;\">Siga o Instagram do Blog @bogdoedvaldomagalhaes<\/p>\n<p style=\"text-align: justify;\">Se inscreva no canal do Blog no YouTube.<\/p>\n","protected":false},"excerpt":{"rendered":"<p>A partir deste s\u00e1bado (19), o Centro Municipal de Testagem (CTM), que funciona na \u00e1rea externa do Centro de Sa\u00fade&hellip;<\/p>\n","protected":false},"author":1,"featured_media":90076,"comment_status":"closed","ping_status":"open","sticky":false,"template":"","format":"standard","meta":{"footnotes":""},"categories":[14120],"tags":[2,19532,3406,26100,17559],"class_list":["post-90075","post","type-post","status-publish","format-standard","has-post-thumbnail","hentry","category-noticias","tag-blog-do-edvaldo-magalhaes","tag-blog-mais-acessado-e-visualizado-de-caruaru-e-regiao","tag-caruaru","tag-centro-de-testagem-de-caruaru-esta-funcionando-nos-finais-de-semana","tag-covid-19"],"_links":{"self":[{"href":"https:\/\/blogdoedvaldomagalhaes.com.br\/index.php\/wp-json\/wp\/v2\/posts\/90075","targetHints":{"allow":["GET"]}}],"collection":[{"href":"https:\/\/blogdoedvaldomagalhaes.com.br\/index.php\/wp-json\/wp\/v2\/posts"}],"about":[{"href":"https:\/\/blogdoedvaldomagalhaes.com.br\/index.php\/wp-json\/wp\/v2\/types\/post"}],"author":[{"embeddable":true,"href":"https:\/\/blogdoedvaldomagalhaes.com.br\/index.php\/wp-json\/wp\/v2\/users\/1"}],"replies":[{"embeddable":true,"href":"https:\/\/blogdoedvaldomagalhaes.com.br\/index.php\/wp-json\/wp\/v2\/comments?post=90075"}],"version-history":[{"count":1,"href":"https:\/\/blogdoedvaldomagalhaes.com.br\/index.php\/wp-json\/wp\/v2\/posts\/90075\/revisions"}],"predecessor-version":[{"id":90077,"href":"https:\/\/blogdoedvaldomagalhaes.com.br\/index.php\/wp-json\/wp\/v2\/posts\/90075\/revisions\/90077"}],"wp:featuredmedia":[{"embeddable":true,"href":"https:\/\/blogdoedvaldomagalhaes.com.br\/index.php\/wp-json\/wp\/v2\/media\/90076"}],"wp:attachment":[{"href":"https:\/\/blogdoedvaldomagalhaes.com.br\/index.php\/wp-json\/wp\/v2\/media?parent=90075"}],"wp:term":[{"taxonomy":"category","embeddable":true,"href":"https:\/\/blogdoedvaldomagalhaes.com.br\/index.php\/wp-json\/wp\/v2\/categories?post=90075"},{"taxonomy":"post_tag","embeddable":true,"href":"https:\/\/blogdoedvaldomagalhaes.com.br\/index.php\/wp-json\/wp\/v2\/tags?post=90075"}],"curies":[{"name":"wp","href":"https:\/\/api.w.org\/{rel}","templated":true}]}}