{"id":90067,"date":"2022-11-19T11:04:05","date_gmt":"2022-11-19T14:04:05","guid":{"rendered":"https:\/\/blogdoedvaldomagalhaes.com.br\/?p=90067"},"modified":"2022-11-19T11:04:06","modified_gmt":"2022-11-19T14:04:06","slug":"rua-djalma-dutra-no-centro-de-caruaru-sera-interditada-neste-domingo-20","status":"publish","type":"post","link":"https:\/\/blogdoedvaldomagalhaes.com.br\/index.php\/2022\/11\/19\/rua-djalma-dutra-no-centro-de-caruaru-sera-interditada-neste-domingo-20\/","title":{"rendered":"Rua Djalma Dutra no centro de Caruaru, ser\u00e1 interditada neste domingo (20)"},"content":{"rendered":"<p style=\"text-align: justify;\"><span style=\"color: initial; font-size: revert;\">A prefeitura de Caruaru informa que, neste domingo (20), a partir das 7h, a rua Djalma Dutra, nas imedia\u00e7\u00f5es do Col\u00e9gio Sagrado Cora\u00e7\u00e3o, ser\u00e1 interditada.<\/span><\/p>\n<p style=\"text-align: justify;\">A rua ser\u00e1 fechada em virtude da demoli\u00e7\u00e3o de uma edifica\u00e7\u00e3o. O im\u00f3vel foi interditado pela Defesa Civil por apresentar problemas estruturais. Um auto de demoli\u00e7\u00e3o emitido pela Autarquia de Urbaniza\u00e7\u00e3o e Meio Ambiente (URB) foi entregue e descumprido pelos propriet\u00e1rios. Para minizar os riscos a popula\u00e7\u00e3o que transita pelo local, a \u00e1rea foi isolada para evitar acidentes.<\/p>\n<p style=\"text-align: justify;\">Devido \u00e0 demoli\u00e7\u00e3o, o tr\u00e2nsito no local ser\u00e1 alterado. Os motoristas que vem no sentido Sub\u00farbio-Centro ter\u00e3o que desviar pela rua Deputado Jos\u00e9 Bezerra Alves, para ter acesso \u00e0 feira da Sulanca. Quem vai para o centro tamb\u00e9m poder\u00e1 trafegar pela rua Jo\u00e3o Jos\u00e9 do R\u00eago, (nas imedia\u00e7\u00f5es das escadarias do Monte Bom Jesus).<\/p>\n<p style=\"text-align: justify;\">O tr\u00e1fego sentido Centro-Sub\u00farbio permanecer\u00e1 normal.<\/p>\n<p style=\"text-align: justify;\">*TRANSPORTE DE PASSAGEIROS*<\/p>\n<p style=\"text-align: justify;\">O transporte de passageiros no local tamb\u00e9m sofrer\u00e1 uma altera\u00e7\u00e3o moment\u00e2nea. Os \u00f4nibus que utilizam a rua Djalma Dutra, excepcionalmente neste Domingo (20), far\u00e3o um percurso diferente. Conforme o mapa em anexo, as linhas afetadas (101-Vila Kennedy, 134-Residencial Alto do Moura, 135-Res. Luiz Bezerra Torres,136-Vila Padre In\u00e1cio, 148-Nina Liberato, 150- Murici e 153-Peladas), passar\u00e3o a atender a avenida Frei Vicente Salvador, rua Prof\u00aa Maria Em\u00edlia, S\u00e3o Roque, Vidal de Negreiros, Duque de Caxias, travessa Treze de Maio e rua 15 de Novembro.\u00a0<\/p>\n<p style=\"text-align: justify;\">Siga o Instagram do Blog @blogdoedvaldomagalhaes<\/p>\n<p style=\"text-align: justify;\">Se inscreva no canal do Blog no YouTube.<\/p>\n\n\n<figure class=\"wp-block-image size-large\"><img loading=\"lazy\" decoding=\"async\" width=\"1024\" height=\"683\" src=\"https:\/\/blogdoedvaldomagalhaes.com.br\/wp-content\/uploads\/2022\/11\/IMG-20221119-WA0017-1024x683.jpg\" alt=\"\" class=\"wp-image-90069\" srcset=\"https:\/\/blogdoedvaldomagalhaes.com.br\/wp-content\/uploads\/2022\/11\/IMG-20221119-WA0017-1024x683.jpg 1024w, https:\/\/blogdoedvaldomagalhaes.com.br\/wp-content\/uploads\/2022\/11\/IMG-20221119-WA0017-300x200.jpg 300w, https:\/\/blogdoedvaldomagalhaes.com.br\/wp-content\/uploads\/2022\/11\/IMG-20221119-WA0017-768x512.jpg 768w, https:\/\/blogdoedvaldomagalhaes.com.br\/wp-content\/uploads\/2022\/11\/IMG-20221119-WA0017-1536x1024.jpg 1536w, https:\/\/blogdoedvaldomagalhaes.com.br\/wp-content\/uploads\/2022\/11\/IMG-20221119-WA0017.jpg 1599w\" sizes=\"auto, (max-width: 1024px) 100vw, 1024px\" \/><figcaption>Fotos: Elvis \u00c9dson <\/figcaption><\/figure>\n\n\n\n<figure class=\"wp-block-image size-large\"><img loading=\"lazy\" decoding=\"async\" width=\"1024\" height=\"562\" src=\"https:\/\/blogdoedvaldomagalhaes.com.br\/wp-content\/uploads\/2022\/11\/IMG-20221119-WA0019-1024x562.jpg\" alt=\"\" class=\"wp-image-90070\" srcset=\"https:\/\/blogdoedvaldomagalhaes.com.br\/wp-content\/uploads\/2022\/11\/IMG-20221119-WA0019-1024x562.jpg 1024w, https:\/\/blogdoedvaldomagalhaes.com.br\/wp-content\/uploads\/2022\/11\/IMG-20221119-WA0019-300x165.jpg 300w, https:\/\/blogdoedvaldomagalhaes.com.br\/wp-content\/uploads\/2022\/11\/IMG-20221119-WA0019-768x421.jpg 768w, https:\/\/blogdoedvaldomagalhaes.com.br\/wp-content\/uploads\/2022\/11\/IMG-20221119-WA0019.jpg 1280w\" sizes=\"auto, (max-width: 1024px) 100vw, 1024px\" \/><\/figure>\n","protected":false},"excerpt":{"rendered":"<p>A prefeitura de Caruaru informa que, neste domingo (20), a partir das 7h, a rua Djalma Dutra, nas imedia\u00e7\u00f5es do&hellip;<\/p>\n","protected":false},"author":1,"featured_media":90068,"comment_status":"closed","ping_status":"open","sticky":false,"template":"","format":"standard","meta":{"footnotes":""},"categories":[14120],"tags":[2,19532,3406,26098],"class_list":["post-90067","post","type-post","status-publish","format-standard","has-post-thumbnail","hentry","category-noticias","tag-blog-do-edvaldo-magalhaes","tag-blog-mais-acessado-e-visualizado-de-caruaru-e-regiao","tag-caruaru","tag-rua-djalma-dutra-no-centro-de-caruaru-sera-interditada-neste-domingo-20"],"_links":{"self":[{"href":"https:\/\/blogdoedvaldomagalhaes.com.br\/index.php\/wp-json\/wp\/v2\/posts\/90067","targetHints":{"allow":["GET"]}}],"collection":[{"href":"https:\/\/blogdoedvaldomagalhaes.com.br\/index.php\/wp-json\/wp\/v2\/posts"}],"about":[{"href":"https:\/\/blogdoedvaldomagalhaes.com.br\/index.php\/wp-json\/wp\/v2\/types\/post"}],"author":[{"embeddable":true,"href":"https:\/\/blogdoedvaldomagalhaes.com.br\/index.php\/wp-json\/wp\/v2\/users\/1"}],"replies":[{"embeddable":true,"href":"https:\/\/blogdoedvaldomagalhaes.com.br\/index.php\/wp-json\/wp\/v2\/comments?post=90067"}],"version-history":[{"count":1,"href":"https:\/\/blogdoedvaldomagalhaes.com.br\/index.php\/wp-json\/wp\/v2\/posts\/90067\/revisions"}],"predecessor-version":[{"id":90071,"href":"https:\/\/blogdoedvaldomagalhaes.com.br\/index.php\/wp-json\/wp\/v2\/posts\/90067\/revisions\/90071"}],"wp:featuredmedia":[{"embeddable":true,"href":"https:\/\/blogdoedvaldomagalhaes.com.br\/index.php\/wp-json\/wp\/v2\/media\/90068"}],"wp:attachment":[{"href":"https:\/\/blogdoedvaldomagalhaes.com.br\/index.php\/wp-json\/wp\/v2\/media?parent=90067"}],"wp:term":[{"taxonomy":"category","embeddable":true,"href":"https:\/\/blogdoedvaldomagalhaes.com.br\/index.php\/wp-json\/wp\/v2\/categories?post=90067"},{"taxonomy":"post_tag","embeddable":true,"href":"https:\/\/blogdoedvaldomagalhaes.com.br\/index.php\/wp-json\/wp\/v2\/tags?post=90067"}],"curies":[{"name":"wp","href":"https:\/\/api.w.org\/{rel}","templated":true}]}}