{"id":90061,"date":"2022-11-19T09:00:59","date_gmt":"2022-11-19T12:00:59","guid":{"rendered":"https:\/\/blogdoedvaldomagalhaes.com.br\/?p=90061"},"modified":"2022-11-19T09:01:00","modified_gmt":"2022-11-19T12:01:00","slug":"guarda-municipal-de-caruaru-prende-suposto-agressor-de-esposa-em-lagoa-do-algodao","status":"publish","type":"post","link":"https:\/\/blogdoedvaldomagalhaes.com.br\/index.php\/2022\/11\/19\/guarda-municipal-de-caruaru-prende-suposto-agressor-de-esposa-em-lagoa-do-algodao\/","title":{"rendered":"Guarda Municipal de Caruaru prende suposto agressor de esposa em Lagoa do Algod\u00e3o"},"content":{"rendered":"<p style=\"text-align: justify;\"><span style=\"color: initial; font-size: revert;\">Durante a tarde desta sexta-feira (18), a Guarda Civil Municipal de Caruaru (GCM) prendeu, no bairro Lagoa do Algod\u00e3o, um homem suspeito de agredir verbalmente e moralmente sua c\u00f4njuge.<\/span><\/p>\n<p style=\"text-align: justify;\">O efetivo da GCM estava realizando rondas nas proximidades do bairro das Rendeiras, quando recebeu o chamado e se dirigiu at\u00e9 o local.<\/p>\n<p style=\"text-align: justify;\">Com a chegada da equipe, o indiv\u00edduo tentou fugir, mas foi capturado e conduzido, juntamente com sua companheira, \u00e0 Delegacia da Mulher para serem tomadas as medidas cab\u00edveis. Foto: Divulga\u00e7\u00e3o\/Secop.<\/p>\n<p style=\"text-align: justify;\">Siga o Instagram do Blog @blogdoedvaldomagalhaes<\/p>\n<p style=\"text-align: justify;\">Se inscreva no canal do Blog no YouTube.<\/p>\n","protected":false},"excerpt":{"rendered":"<p>Durante a tarde desta sexta-feira (18), a Guarda Civil Municipal de Caruaru (GCM) prendeu, no bairro Lagoa do Algod\u00e3o, um&hellip;<\/p>\n","protected":false},"author":1,"featured_media":90062,"comment_status":"closed","ping_status":"open","sticky":false,"template":"","format":"standard","meta":{"footnotes":""},"categories":[14121],"tags":[2,19532,3406,26096],"class_list":["post-90061","post","type-post","status-publish","format-standard","has-post-thumbnail","hentry","category-policial","tag-blog-do-edvaldo-magalhaes","tag-blog-mais-acessado-e-visualizado-de-caruaru-e-regiao","tag-caruaru","tag-guarda-municipal-de-caruaru-prende-suposto-agressor-de-esposa-em-lagoa-do-algodao"],"_links":{"self":[{"href":"https:\/\/blogdoedvaldomagalhaes.com.br\/index.php\/wp-json\/wp\/v2\/posts\/90061","targetHints":{"allow":["GET"]}}],"collection":[{"href":"https:\/\/blogdoedvaldomagalhaes.com.br\/index.php\/wp-json\/wp\/v2\/posts"}],"about":[{"href":"https:\/\/blogdoedvaldomagalhaes.com.br\/index.php\/wp-json\/wp\/v2\/types\/post"}],"author":[{"embeddable":true,"href":"https:\/\/blogdoedvaldomagalhaes.com.br\/index.php\/wp-json\/wp\/v2\/users\/1"}],"replies":[{"embeddable":true,"href":"https:\/\/blogdoedvaldomagalhaes.com.br\/index.php\/wp-json\/wp\/v2\/comments?post=90061"}],"version-history":[{"count":1,"href":"https:\/\/blogdoedvaldomagalhaes.com.br\/index.php\/wp-json\/wp\/v2\/posts\/90061\/revisions"}],"predecessor-version":[{"id":90063,"href":"https:\/\/blogdoedvaldomagalhaes.com.br\/index.php\/wp-json\/wp\/v2\/posts\/90061\/revisions\/90063"}],"wp:featuredmedia":[{"embeddable":true,"href":"https:\/\/blogdoedvaldomagalhaes.com.br\/index.php\/wp-json\/wp\/v2\/media\/90062"}],"wp:attachment":[{"href":"https:\/\/blogdoedvaldomagalhaes.com.br\/index.php\/wp-json\/wp\/v2\/media?parent=90061"}],"wp:term":[{"taxonomy":"category","embeddable":true,"href":"https:\/\/blogdoedvaldomagalhaes.com.br\/index.php\/wp-json\/wp\/v2\/categories?post=90061"},{"taxonomy":"post_tag","embeddable":true,"href":"https:\/\/blogdoedvaldomagalhaes.com.br\/index.php\/wp-json\/wp\/v2\/tags?post=90061"}],"curies":[{"name":"wp","href":"https:\/\/api.w.org\/{rel}","templated":true}]}}