{"id":90051,"date":"2022-11-18T23:25:27","date_gmt":"2022-11-19T02:25:27","guid":{"rendered":"https:\/\/blogdoedvaldomagalhaes.com.br\/?p=90051"},"modified":"2022-11-19T00:02:17","modified_gmt":"2022-11-19T03:02:17","slug":"morre-radialista-e-conselheiro-do-central-saulo-lima-no-dia-do-aniversario","status":"publish","type":"post","link":"https:\/\/blogdoedvaldomagalhaes.com.br\/index.php\/2022\/11\/18\/morre-radialista-e-conselheiro-do-central-saulo-lima-no-dia-do-aniversario\/","title":{"rendered":"Morre radialista e conselheiro do Central, Saulo Lima, no dia do anivers\u00e1rio"},"content":{"rendered":"<p style=\"text-align: justify;\"><span style=\"font-size: revert; color: initial;\">O Blog do Edvaldo Magalh\u00e3es divulga com pesar o falecimento do radialista e conselheiro do Central Sport Club, Saulo Lima, na noite desta sexta-feira (18). Saulo estava internado h\u00e1 cerca de 10 dias no Hospital Mestre Vitalino, em Caruaru. Ele nasceu em 18 de novembro de 1963.<\/span><\/p>\n<p style=\"text-align: justify;\"><strong>Nota do Central<\/strong><\/p>\n<p style=\"text-align: justify;\"><span style=\"font-size: revert; color: initial;\">\u00c9\u00a0 com imenso sentimento de tristeza que o Central Sport Club lamenta profundamente o falecimento do radialista, conselheiro e grande torcedor alvinegro, Saulo Lima.<\/span><\/p>\n<p style=\"text-align: justify;\">Saulo al\u00e9m de um grande profissional, falava, lutava e representava o Alvinegro Caruaruense em todos os momentos de sua vida.<\/p>\n<p style=\"text-align: justify;\">O Central Sport Club decreta luto oficial de tr\u00eas dias, e deseja a todos seus familiares for\u00e7a e os mais sinceros votos de pesar neste momento t\u00e3o dif\u00edcil.<\/p>\n","protected":false},"excerpt":{"rendered":"<p>O Blog do Edvaldo Magalh\u00e3es divulga com pesar o falecimento do radialista e conselheiro do Central Sport Club, Saulo Lima,&hellip;<\/p>\n","protected":false},"author":1,"featured_media":90052,"comment_status":"closed","ping_status":"open","sticky":false,"template":"","format":"standard","meta":{"footnotes":""},"categories":[14120],"tags":[2,19532,3406,26094],"class_list":["post-90051","post","type-post","status-publish","format-standard","has-post-thumbnail","hentry","category-noticias","tag-blog-do-edvaldo-magalhaes","tag-blog-mais-acessado-e-visualizado-de-caruaru-e-regiao","tag-caruaru","tag-morre-radialista-e-conselheiro-do-central-saulo-lima-no-dia-do-aniversario"],"_links":{"self":[{"href":"https:\/\/blogdoedvaldomagalhaes.com.br\/index.php\/wp-json\/wp\/v2\/posts\/90051","targetHints":{"allow":["GET"]}}],"collection":[{"href":"https:\/\/blogdoedvaldomagalhaes.com.br\/index.php\/wp-json\/wp\/v2\/posts"}],"about":[{"href":"https:\/\/blogdoedvaldomagalhaes.com.br\/index.php\/wp-json\/wp\/v2\/types\/post"}],"author":[{"embeddable":true,"href":"https:\/\/blogdoedvaldomagalhaes.com.br\/index.php\/wp-json\/wp\/v2\/users\/1"}],"replies":[{"embeddable":true,"href":"https:\/\/blogdoedvaldomagalhaes.com.br\/index.php\/wp-json\/wp\/v2\/comments?post=90051"}],"version-history":[{"count":4,"href":"https:\/\/blogdoedvaldomagalhaes.com.br\/index.php\/wp-json\/wp\/v2\/posts\/90051\/revisions"}],"predecessor-version":[{"id":90057,"href":"https:\/\/blogdoedvaldomagalhaes.com.br\/index.php\/wp-json\/wp\/v2\/posts\/90051\/revisions\/90057"}],"wp:featuredmedia":[{"embeddable":true,"href":"https:\/\/blogdoedvaldomagalhaes.com.br\/index.php\/wp-json\/wp\/v2\/media\/90052"}],"wp:attachment":[{"href":"https:\/\/blogdoedvaldomagalhaes.com.br\/index.php\/wp-json\/wp\/v2\/media?parent=90051"}],"wp:term":[{"taxonomy":"category","embeddable":true,"href":"https:\/\/blogdoedvaldomagalhaes.com.br\/index.php\/wp-json\/wp\/v2\/categories?post=90051"},{"taxonomy":"post_tag","embeddable":true,"href":"https:\/\/blogdoedvaldomagalhaes.com.br\/index.php\/wp-json\/wp\/v2\/tags?post=90051"}],"curies":[{"name":"wp","href":"https:\/\/api.w.org\/{rel}","templated":true}]}}