{"id":90042,"date":"2022-11-18T21:10:59","date_gmt":"2022-11-19T00:10:59","guid":{"rendered":"https:\/\/blogdoedvaldomagalhaes.com.br\/?p=90042"},"modified":"2022-11-18T22:55:06","modified_gmt":"2022-11-19T01:55:06","slug":"costureiro-e-assassinado-em-caruaru-durante-tentativa-de-assalto","status":"publish","type":"post","link":"https:\/\/blogdoedvaldomagalhaes.com.br\/index.php\/2022\/11\/18\/costureiro-e-assassinado-em-caruaru-durante-tentativa-de-assalto\/","title":{"rendered":"Costureiro \u00e9 assassinado em Caruaru, durante tentativa de assalto"},"content":{"rendered":"<p style=\"text-align: justify;\">Um homic\u00eddio foi registrado na noite desta sexta feira (18), na segunda travessa Sol Nascente, no bairro S\u00e3o Jo\u00e3o da Esc\u00f3cia, em Caruaru.<\/p>\n<p style=\"text-align: justify;\">A pol\u00edcia informou que Rog\u00e9rio \u00c9dson Silva Passos, 34 anos, chegou em casa, guardou o carro na garagem e foi abordado por criminosos no momento em que estava fechando o port\u00e3o. Os acusados anunciaram assalto. A v\u00edtima correu para dentro da resid\u00eancia, mas os assaltantes foram em sua dire\u00e7\u00e3o e atiraram, fugindo logo em seguida.<\/p>\n<p style=\"text-align: justify;\">Este \u00e9 o 8\u00b0 homic\u00eddio do m\u00eas de novembro, e o 83\u00b0 no ano de 2022, em Caruaru. Foto: Adielson Galv\u00e3o.<\/p>\n<p style=\"text-align: justify;\">Siga o Instagram @blogdoedvaldomagalhaes<\/p>\n<p style=\"text-align: justify;\">Se inscreva no canal do Blog no YouTube.<\/p>\n","protected":false},"excerpt":{"rendered":"<p>Um homic\u00eddio foi registrado na noite desta sexta feira (18), na segunda travessa Sol Nascente, no bairro S\u00e3o Jo\u00e3o da&hellip;<\/p>\n","protected":false},"author":1,"featured_media":90043,"comment_status":"closed","ping_status":"open","sticky":false,"template":"","format":"standard","meta":{"footnotes":""},"categories":[14121],"tags":[2,19532,3406,26090,5448],"class_list":["post-90042","post","type-post","status-publish","format-standard","has-post-thumbnail","hentry","category-policial","tag-blog-do-edvaldo-magalhaes","tag-blog-mais-acessado-e-visualizado-de-caruaru-e-regiao","tag-caruaru","tag-costureiro-e-assassinado-em-caruaru-durante-tentativa-de-assalto","tag-homicidio"],"_links":{"self":[{"href":"https:\/\/blogdoedvaldomagalhaes.com.br\/index.php\/wp-json\/wp\/v2\/posts\/90042","targetHints":{"allow":["GET"]}}],"collection":[{"href":"https:\/\/blogdoedvaldomagalhaes.com.br\/index.php\/wp-json\/wp\/v2\/posts"}],"about":[{"href":"https:\/\/blogdoedvaldomagalhaes.com.br\/index.php\/wp-json\/wp\/v2\/types\/post"}],"author":[{"embeddable":true,"href":"https:\/\/blogdoedvaldomagalhaes.com.br\/index.php\/wp-json\/wp\/v2\/users\/1"}],"replies":[{"embeddable":true,"href":"https:\/\/blogdoedvaldomagalhaes.com.br\/index.php\/wp-json\/wp\/v2\/comments?post=90042"}],"version-history":[{"count":4,"href":"https:\/\/blogdoedvaldomagalhaes.com.br\/index.php\/wp-json\/wp\/v2\/posts\/90042\/revisions"}],"predecessor-version":[{"id":90050,"href":"https:\/\/blogdoedvaldomagalhaes.com.br\/index.php\/wp-json\/wp\/v2\/posts\/90042\/revisions\/90050"}],"wp:featuredmedia":[{"embeddable":true,"href":"https:\/\/blogdoedvaldomagalhaes.com.br\/index.php\/wp-json\/wp\/v2\/media\/90043"}],"wp:attachment":[{"href":"https:\/\/blogdoedvaldomagalhaes.com.br\/index.php\/wp-json\/wp\/v2\/media?parent=90042"}],"wp:term":[{"taxonomy":"category","embeddable":true,"href":"https:\/\/blogdoedvaldomagalhaes.com.br\/index.php\/wp-json\/wp\/v2\/categories?post=90042"},{"taxonomy":"post_tag","embeddable":true,"href":"https:\/\/blogdoedvaldomagalhaes.com.br\/index.php\/wp-json\/wp\/v2\/tags?post=90042"}],"curies":[{"name":"wp","href":"https:\/\/api.w.org\/{rel}","templated":true}]}}