{"id":90037,"date":"2022-11-18T20:32:11","date_gmt":"2022-11-18T23:32:11","guid":{"rendered":"https:\/\/blogdoedvaldomagalhaes.com.br\/?p=90037"},"modified":"2022-11-18T20:32:47","modified_gmt":"2022-11-18T23:32:47","slug":"prf-apreende-carga-avaliada-em-r-41-mil-sem-nota-fiscal-em-caruaru","status":"publish","type":"post","link":"https:\/\/blogdoedvaldomagalhaes.com.br\/index.php\/2022\/11\/18\/prf-apreende-carga-avaliada-em-r-41-mil-sem-nota-fiscal-em-caruaru\/","title":{"rendered":"PRF apreende carga avaliada em R$ 41 mil, sem nota fiscal, em Caruaru"},"content":{"rendered":"<p style=\"text-align: justify;\"><span style=\"color: initial; font-size: revert;\">Uma carga de produtos diversos avaliada em R$41 mil que era transportada sem nota fiscal foi apreendida, nesta sexta-feira (18), pela Pol\u00edcia Rodovi\u00e1ria Federal (PRF). O flagrante foi realizado durante uma fiscaliza\u00e7\u00e3o no Km 57 da BR 104, em Caruaru, no Agreste pernambucano.<\/span><\/p>\n<p style=\"text-align: justify;\">Policiais do Grupo de Fiscaliza\u00e7\u00e3o de Tr\u00e2nsito e Transporte da PRF realizavam uma blitz para coibir o transporte irregular de mercadorias, quando abordaram um caminh\u00e3o que havia sa\u00eddo de Gravat\u00e1 em dire\u00e7\u00e3o a Santa Cruz do Capibaribe, ambas no Agreste. Dentro do ba\u00fa foram encontrados alimentos, bebidas e produtos de limpeza sem qualquer documenta\u00e7\u00e3o fiscal. Apenas uma pequena parte da carga estava regularizada.<\/p>\n<p style=\"text-align: justify;\">A Secretaria da Fazenda de Pernambuco (Sefaz-PE) foi acionada, para providenciar a regulariza\u00e7\u00e3o da mercadoria.<\/p>\n<p style=\"text-align: justify;\">Siga o Instagram @blogdoedvaldomagalhaes<\/p>\n<p style=\"text-align: justify;\">Se inscreva no canal do Blog no YouTube.<\/p>\n\n\n<figure class=\"wp-block-image size-full\"><img loading=\"lazy\" decoding=\"async\" width=\"1024\" height=\"768\" src=\"https:\/\/blogdoedvaldomagalhaes.com.br\/wp-content\/uploads\/2022\/11\/IMG-20221118-WA0127.jpg\" alt=\"\" class=\"wp-image-90039\" srcset=\"https:\/\/blogdoedvaldomagalhaes.com.br\/wp-content\/uploads\/2022\/11\/IMG-20221118-WA0127.jpg 1024w, https:\/\/blogdoedvaldomagalhaes.com.br\/wp-content\/uploads\/2022\/11\/IMG-20221118-WA0127-300x225.jpg 300w, https:\/\/blogdoedvaldomagalhaes.com.br\/wp-content\/uploads\/2022\/11\/IMG-20221118-WA0127-768x576.jpg 768w, https:\/\/blogdoedvaldomagalhaes.com.br\/wp-content\/uploads\/2022\/11\/IMG-20221118-WA0127-160x120.jpg 160w\" sizes=\"auto, (max-width: 1024px) 100vw, 1024px\" \/><figcaption>Fotos: Divulga\u00e7\u00e3o\/PRF<\/figcaption><\/figure>\n","protected":false},"excerpt":{"rendered":"<p>Uma carga de produtos diversos avaliada em R$41 mil que era transportada sem nota fiscal foi apreendida, nesta sexta-feira (18),&hellip;<\/p>\n","protected":false},"author":1,"featured_media":90038,"comment_status":"closed","ping_status":"open","sticky":false,"template":"","format":"standard","meta":{"footnotes":""},"categories":[14121],"tags":[2,19532,3406,26089],"class_list":["post-90037","post","type-post","status-publish","format-standard","has-post-thumbnail","hentry","category-policial","tag-blog-do-edvaldo-magalhaes","tag-blog-mais-acessado-e-visualizado-de-caruaru-e-regiao","tag-caruaru","tag-prf-apreende-carga-avaliada-em-r-41-mil-sem-nota-fiscal-em-caruaru"],"_links":{"self":[{"href":"https:\/\/blogdoedvaldomagalhaes.com.br\/index.php\/wp-json\/wp\/v2\/posts\/90037","targetHints":{"allow":["GET"]}}],"collection":[{"href":"https:\/\/blogdoedvaldomagalhaes.com.br\/index.php\/wp-json\/wp\/v2\/posts"}],"about":[{"href":"https:\/\/blogdoedvaldomagalhaes.com.br\/index.php\/wp-json\/wp\/v2\/types\/post"}],"author":[{"embeddable":true,"href":"https:\/\/blogdoedvaldomagalhaes.com.br\/index.php\/wp-json\/wp\/v2\/users\/1"}],"replies":[{"embeddable":true,"href":"https:\/\/blogdoedvaldomagalhaes.com.br\/index.php\/wp-json\/wp\/v2\/comments?post=90037"}],"version-history":[{"count":1,"href":"https:\/\/blogdoedvaldomagalhaes.com.br\/index.php\/wp-json\/wp\/v2\/posts\/90037\/revisions"}],"predecessor-version":[{"id":90041,"href":"https:\/\/blogdoedvaldomagalhaes.com.br\/index.php\/wp-json\/wp\/v2\/posts\/90037\/revisions\/90041"}],"wp:featuredmedia":[{"embeddable":true,"href":"https:\/\/blogdoedvaldomagalhaes.com.br\/index.php\/wp-json\/wp\/v2\/media\/90038"}],"wp:attachment":[{"href":"https:\/\/blogdoedvaldomagalhaes.com.br\/index.php\/wp-json\/wp\/v2\/media?parent=90037"}],"wp:term":[{"taxonomy":"category","embeddable":true,"href":"https:\/\/blogdoedvaldomagalhaes.com.br\/index.php\/wp-json\/wp\/v2\/categories?post=90037"},{"taxonomy":"post_tag","embeddable":true,"href":"https:\/\/blogdoedvaldomagalhaes.com.br\/index.php\/wp-json\/wp\/v2\/tags?post=90037"}],"curies":[{"name":"wp","href":"https:\/\/api.w.org\/{rel}","templated":true}]}}