{"id":90028,"date":"2022-11-18T19:13:11","date_gmt":"2022-11-18T22:13:11","guid":{"rendered":"https:\/\/blogdoedvaldomagalhaes.com.br\/?p=90028"},"modified":"2022-11-18T19:13:13","modified_gmt":"2022-11-18T22:13:13","slug":"homem-e-detido-apos-comprar-carro-roubado-pelas-redes-sociais","status":"publish","type":"post","link":"https:\/\/blogdoedvaldomagalhaes.com.br\/index.php\/2022\/11\/18\/homem-e-detido-apos-comprar-carro-roubado-pelas-redes-sociais\/","title":{"rendered":"Homem \u00e9 detido ap\u00f3s comprar carro roubado pelas redes sociais"},"content":{"rendered":"<p style=\"text-align: justify;\"><span style=\"color: initial; font-size: revert;\">A Pol\u00edcia Rodovi\u00e1ria Federal (PRF) recuperou um carro roubado e deteve o motorista, nesta sexta-feira (18), na BR 232, em Serra Talhada, no Sert\u00e3o de Pernambuco. O ve\u00edculo teria sido adquirido a partir de um an\u00fancio em uma rede social na internet.<\/span><\/p>\n<p style=\"text-align: justify;\">Durante a abordagem, os policiais realizaram uma verifica\u00e7\u00e3o e descobriram que o carro tinha diversas adultera\u00e7\u00f5es e portava placas clonadas. Ao descobrir a placa verdadeira, foi constatado um registro de roubo do dia 13 de junho deste ano, no Recife.<\/p>\n<p style=\"text-align: justify;\">O motorista disse que havia dado outro carro de entrada e mais R$10 mil para quitar o pagamento. Ele disse tamb\u00e9m que n\u00e3o conhecia o vendedor.<\/p>\n<p style=\"text-align: justify;\">O homem foi encaminhado junto com o ve\u00edculo \u00e0 Delegacia de Pol\u00edcia Civil de Serra Talhada, que ir\u00e1 investigar o caso.<\/p>\n<p style=\"text-align: justify;\">Siga o Instagram @blogdoedvaldomagalhaes<\/p>\n<p style=\"text-align: justify;\">Se inscreva no canal do Blog no YouTube.<\/p>\n\n\n<figure class=\"wp-block-image size-large\"><img loading=\"lazy\" decoding=\"async\" width=\"1024\" height=\"484\" src=\"https:\/\/blogdoedvaldomagalhaes.com.br\/wp-content\/uploads\/2022\/11\/IMG-20221118-WA0114-1024x484.jpg\" alt=\"\" class=\"wp-image-90030\" srcset=\"https:\/\/blogdoedvaldomagalhaes.com.br\/wp-content\/uploads\/2022\/11\/IMG-20221118-WA0114-1024x484.jpg 1024w, https:\/\/blogdoedvaldomagalhaes.com.br\/wp-content\/uploads\/2022\/11\/IMG-20221118-WA0114-300x142.jpg 300w, https:\/\/blogdoedvaldomagalhaes.com.br\/wp-content\/uploads\/2022\/11\/IMG-20221118-WA0114-768x363.jpg 768w, https:\/\/blogdoedvaldomagalhaes.com.br\/wp-content\/uploads\/2022\/11\/IMG-20221118-WA0114.jpg 1280w\" sizes=\"auto, (max-width: 1024px) 100vw, 1024px\" \/><figcaption>Fotos: Divulga\u00e7\u00e3o\/PRF<\/figcaption><\/figure>\n","protected":false},"excerpt":{"rendered":"<p>A Pol\u00edcia Rodovi\u00e1ria Federal (PRF) recuperou um carro roubado e deteve o motorista, nesta sexta-feira (18), na BR 232, em&hellip;<\/p>\n","protected":false},"author":1,"featured_media":90029,"comment_status":"closed","ping_status":"open","sticky":false,"template":"","format":"standard","meta":{"footnotes":""},"categories":[14121],"tags":[2,19532,3406,26087],"class_list":["post-90028","post","type-post","status-publish","format-standard","has-post-thumbnail","hentry","category-policial","tag-blog-do-edvaldo-magalhaes","tag-blog-mais-acessado-e-visualizado-de-caruaru-e-regiao","tag-caruaru","tag-homem-e-detido-apos-comprar-carro-roubado-pelas-redes-sociais"],"_links":{"self":[{"href":"https:\/\/blogdoedvaldomagalhaes.com.br\/index.php\/wp-json\/wp\/v2\/posts\/90028","targetHints":{"allow":["GET"]}}],"collection":[{"href":"https:\/\/blogdoedvaldomagalhaes.com.br\/index.php\/wp-json\/wp\/v2\/posts"}],"about":[{"href":"https:\/\/blogdoedvaldomagalhaes.com.br\/index.php\/wp-json\/wp\/v2\/types\/post"}],"author":[{"embeddable":true,"href":"https:\/\/blogdoedvaldomagalhaes.com.br\/index.php\/wp-json\/wp\/v2\/users\/1"}],"replies":[{"embeddable":true,"href":"https:\/\/blogdoedvaldomagalhaes.com.br\/index.php\/wp-json\/wp\/v2\/comments?post=90028"}],"version-history":[{"count":1,"href":"https:\/\/blogdoedvaldomagalhaes.com.br\/index.php\/wp-json\/wp\/v2\/posts\/90028\/revisions"}],"predecessor-version":[{"id":90031,"href":"https:\/\/blogdoedvaldomagalhaes.com.br\/index.php\/wp-json\/wp\/v2\/posts\/90028\/revisions\/90031"}],"wp:featuredmedia":[{"embeddable":true,"href":"https:\/\/blogdoedvaldomagalhaes.com.br\/index.php\/wp-json\/wp\/v2\/media\/90029"}],"wp:attachment":[{"href":"https:\/\/blogdoedvaldomagalhaes.com.br\/index.php\/wp-json\/wp\/v2\/media?parent=90028"}],"wp:term":[{"taxonomy":"category","embeddable":true,"href":"https:\/\/blogdoedvaldomagalhaes.com.br\/index.php\/wp-json\/wp\/v2\/categories?post=90028"},{"taxonomy":"post_tag","embeddable":true,"href":"https:\/\/blogdoedvaldomagalhaes.com.br\/index.php\/wp-json\/wp\/v2\/tags?post=90028"}],"curies":[{"name":"wp","href":"https:\/\/api.w.org\/{rel}","templated":true}]}}