{"id":90024,"date":"2022-11-18T12:20:32","date_gmt":"2022-11-18T15:20:32","guid":{"rendered":"https:\/\/blogdoedvaldomagalhaes.com.br\/?p=90024"},"modified":"2022-11-18T12:42:36","modified_gmt":"2022-11-18T15:42:36","slug":"moradores-de-residencial-em-caruaru-fecham-a-br-232-em-protesto","status":"publish","type":"post","link":"https:\/\/blogdoedvaldomagalhaes.com.br\/index.php\/2022\/11\/18\/moradores-de-residencial-em-caruaru-fecham-a-br-232-em-protesto\/","title":{"rendered":"Moradores de residencial em Caruaru fecham a BR-232 em protesto"},"content":{"rendered":"<p style=\"text-align: justify;\">Est\u00e1 ocorrendo um protesto no km 134,9 da BR 232, em Caruaru.<\/p>\n<p style=\"text-align: justify;\">Cerca de 100 moradores do Residencial Alto do Moura informam que foi suspenso o abastecimento de \u00e1gua no condom\u00ednio. Eles reivindicam a presen\u00e7a da Compesa.<\/p>\n<p style=\"text-align: justify;\">A Compesa informou ao Blog que &#8220;o protesto \u00e9 em rea\u00e7\u00e3o a opera\u00e7\u00e3o &#8216;gato escaldado&#8217; realizada nessa quinta-feira (17), pela Pol\u00edcia Civil, Compesa e Neoenergia, em combate a liga\u00e7\u00f5es clandestinas de \u00e1gua e energia&#8221;. F<span style=\"font-size: revert; color: initial;\">oto: Divulga\u00e7\u00e3o\/PRF.<\/span><\/p>\n<p style=\"text-align: justify;\">Siga o Instagram @blogdoedvaldomagalhaes<\/p>\n<p style=\"text-align: justify;\">Se inscreva no canal do Blog no YouTube.<\/p>\n","protected":false},"excerpt":{"rendered":"<p>Est\u00e1 ocorrendo um protesto no km 134,9 da BR 232, em Caruaru. Cerca de 100 moradores do Residencial Alto do&hellip;<\/p>\n","protected":false},"author":1,"featured_media":90025,"comment_status":"closed","ping_status":"open","sticky":false,"template":"","format":"standard","meta":{"footnotes":""},"categories":[14120],"tags":[2,19532,3406,26085,26086],"class_list":["post-90024","post","type-post","status-publish","format-standard","has-post-thumbnail","hentry","category-noticias","tag-blog-do-edvaldo-magalhaes","tag-blog-mais-acessado-e-visualizado-de-caruaru-e-regiao","tag-caruaru","tag-moradores-de-residencial-em-caruaru-fecham-a-br-232-em-protesto","tag-residencial-alto-do-moura"],"_links":{"self":[{"href":"https:\/\/blogdoedvaldomagalhaes.com.br\/index.php\/wp-json\/wp\/v2\/posts\/90024","targetHints":{"allow":["GET"]}}],"collection":[{"href":"https:\/\/blogdoedvaldomagalhaes.com.br\/index.php\/wp-json\/wp\/v2\/posts"}],"about":[{"href":"https:\/\/blogdoedvaldomagalhaes.com.br\/index.php\/wp-json\/wp\/v2\/types\/post"}],"author":[{"embeddable":true,"href":"https:\/\/blogdoedvaldomagalhaes.com.br\/index.php\/wp-json\/wp\/v2\/users\/1"}],"replies":[{"embeddable":true,"href":"https:\/\/blogdoedvaldomagalhaes.com.br\/index.php\/wp-json\/wp\/v2\/comments?post=90024"}],"version-history":[{"count":2,"href":"https:\/\/blogdoedvaldomagalhaes.com.br\/index.php\/wp-json\/wp\/v2\/posts\/90024\/revisions"}],"predecessor-version":[{"id":90027,"href":"https:\/\/blogdoedvaldomagalhaes.com.br\/index.php\/wp-json\/wp\/v2\/posts\/90024\/revisions\/90027"}],"wp:featuredmedia":[{"embeddable":true,"href":"https:\/\/blogdoedvaldomagalhaes.com.br\/index.php\/wp-json\/wp\/v2\/media\/90025"}],"wp:attachment":[{"href":"https:\/\/blogdoedvaldomagalhaes.com.br\/index.php\/wp-json\/wp\/v2\/media?parent=90024"}],"wp:term":[{"taxonomy":"category","embeddable":true,"href":"https:\/\/blogdoedvaldomagalhaes.com.br\/index.php\/wp-json\/wp\/v2\/categories?post=90024"},{"taxonomy":"post_tag","embeddable":true,"href":"https:\/\/blogdoedvaldomagalhaes.com.br\/index.php\/wp-json\/wp\/v2\/tags?post=90024"}],"curies":[{"name":"wp","href":"https:\/\/api.w.org\/{rel}","templated":true}]}}