{"id":90017,"date":"2022-11-17T19:58:33","date_gmt":"2022-11-17T22:58:33","guid":{"rendered":"https:\/\/blogdoedvaldomagalhaes.com.br\/?p=90017"},"modified":"2022-11-17T20:14:24","modified_gmt":"2022-11-17T23:14:24","slug":"bebe-recem-nascida-e-colocada-dentro-de-mochila-e-jogada-no-rio-capibaribe","status":"publish","type":"post","link":"https:\/\/blogdoedvaldomagalhaes.com.br\/index.php\/2022\/11\/17\/bebe-recem-nascida-e-colocada-dentro-de-mochila-e-jogada-no-rio-capibaribe\/","title":{"rendered":"Beb\u00ea rec\u00e9m-nascida \u00e9 colocada dentro de mochila e jogada no Rio Capibaribe"},"content":{"rendered":"<p class=\"paragrafo\" style=\"text-align: justify;\">Uma beb\u00ea rec\u00e9m-nascida foi colocada dentro de uma mochila e jogada no Rio Capibaribe, em S\u00e3o Louren\u00e7o da Mata, na Regi\u00e3o Metropolitana do Recife, nesta quinta-feira (17). Dois pescadores que estavam embaixo de uma ponte, conseguiram resgatar a beb\u00ea, e disseram que um homem em uma motocicleta teria cometido o crime e fugido.<\/p>\n<p class=\"paragrafo\" style=\"text-align: justify;\">A beb\u00ea aparentava ter nascido h\u00e1 pouco tempo e foi levada por policiais militares para o Hospital e Maternidade Petronila Campos.<\/p>\n<p class=\"paragrafo\" style=\"text-align: justify;\">O hospital informou em nota, que o estado cl\u00ednico da rec\u00e9m-nascida que pesa 2,570 quilos, \u00e9 est\u00e1vel, sem les\u00f5es f\u00edsicas, o\u00a0cord\u00e3o umbilical<strong>\u00a0<\/strong>estava com carater\u00edsticas de corte n\u00e3o profissional. E qe a crian\u00e7a f<span style=\"font-size: revert; color: initial;\">icar\u00e1 em observa\u00e7\u00e3o m\u00e9dica <\/span><span style=\"font-size: revert; color: initial;\">por 48 horas, depois ser\u00e1 entregue aos cuidados do Conselho Tutelar <\/span><span style=\"font-size: revert; color: initial;\">de S\u00e3o Louren\u00e7o da Mata. A Pol\u00edcia Civil iniciou \u00e0s investiga\u00e7\u00f5es. Siga o Instagram @blogdoedvaldomagalhaes<\/span><\/p>\n\n\n<figure class=\"wp-block-image size-full\"><img loading=\"lazy\" decoding=\"async\" width=\"450\" height=\"337\" src=\"https:\/\/blogdoedvaldomagalhaes.com.br\/wp-content\/uploads\/2022\/11\/recem-nascida-foi-encontrada-por-pescadores-dentro-de-mochila-1668713706446_v2_450x337.png.jpeg\" alt=\"\" class=\"wp-image-90020\" srcset=\"https:\/\/blogdoedvaldomagalhaes.com.br\/wp-content\/uploads\/2022\/11\/recem-nascida-foi-encontrada-por-pescadores-dentro-de-mochila-1668713706446_v2_450x337.png.jpeg 450w, https:\/\/blogdoedvaldomagalhaes.com.br\/wp-content\/uploads\/2022\/11\/recem-nascida-foi-encontrada-por-pescadores-dentro-de-mochila-1668713706446_v2_450x337.png-300x225.jpeg 300w, https:\/\/blogdoedvaldomagalhaes.com.br\/wp-content\/uploads\/2022\/11\/recem-nascida-foi-encontrada-por-pescadores-dentro-de-mochila-1668713706446_v2_450x337.png-160x120.jpeg 160w\" sizes=\"auto, (max-width: 450px) 100vw, 450px\" \/><figcaption>Fotos: Reprodu\u00e7\u00e3o\/Redes Sociais<\/figcaption><\/figure>\n","protected":false},"excerpt":{"rendered":"<p>Uma beb\u00ea rec\u00e9m-nascida foi colocada dentro de uma mochila e jogada no Rio Capibaribe, em S\u00e3o Louren\u00e7o da Mata, na&hellip;<\/p>\n","protected":false},"author":1,"featured_media":90018,"comment_status":"closed","ping_status":"open","sticky":false,"template":"","format":"standard","meta":{"footnotes":""},"categories":[14120],"tags":[26084,2,19532,3406],"class_list":["post-90017","post","type-post","status-publish","format-standard","has-post-thumbnail","hentry","category-noticias","tag-bebe-recem-nascida-e-colocada-dentro-de-mochila-e-jogada-no-rio-capibaribe","tag-blog-do-edvaldo-magalhaes","tag-blog-mais-acessado-e-visualizado-de-caruaru-e-regiao","tag-caruaru"],"_links":{"self":[{"href":"https:\/\/blogdoedvaldomagalhaes.com.br\/index.php\/wp-json\/wp\/v2\/posts\/90017","targetHints":{"allow":["GET"]}}],"collection":[{"href":"https:\/\/blogdoedvaldomagalhaes.com.br\/index.php\/wp-json\/wp\/v2\/posts"}],"about":[{"href":"https:\/\/blogdoedvaldomagalhaes.com.br\/index.php\/wp-json\/wp\/v2\/types\/post"}],"author":[{"embeddable":true,"href":"https:\/\/blogdoedvaldomagalhaes.com.br\/index.php\/wp-json\/wp\/v2\/users\/1"}],"replies":[{"embeddable":true,"href":"https:\/\/blogdoedvaldomagalhaes.com.br\/index.php\/wp-json\/wp\/v2\/comments?post=90017"}],"version-history":[{"count":2,"href":"https:\/\/blogdoedvaldomagalhaes.com.br\/index.php\/wp-json\/wp\/v2\/posts\/90017\/revisions"}],"predecessor-version":[{"id":90022,"href":"https:\/\/blogdoedvaldomagalhaes.com.br\/index.php\/wp-json\/wp\/v2\/posts\/90017\/revisions\/90022"}],"wp:featuredmedia":[{"embeddable":true,"href":"https:\/\/blogdoedvaldomagalhaes.com.br\/index.php\/wp-json\/wp\/v2\/media\/90018"}],"wp:attachment":[{"href":"https:\/\/blogdoedvaldomagalhaes.com.br\/index.php\/wp-json\/wp\/v2\/media?parent=90017"}],"wp:term":[{"taxonomy":"category","embeddable":true,"href":"https:\/\/blogdoedvaldomagalhaes.com.br\/index.php\/wp-json\/wp\/v2\/categories?post=90017"},{"taxonomy":"post_tag","embeddable":true,"href":"https:\/\/blogdoedvaldomagalhaes.com.br\/index.php\/wp-json\/wp\/v2\/tags?post=90017"}],"curies":[{"name":"wp","href":"https:\/\/api.w.org\/{rel}","templated":true}]}}