{"id":900,"date":"2018-10-25T18:52:00","date_gmt":"2018-10-25T20:52:00","guid":{"rendered":"http:\/\/blogdoedvaldomagalhaes.com.br\/index.php\/2018\/10\/25\/prefeitura-de-caruaru-expoe-obras-de\/"},"modified":"2019-02-09T02:36:49","modified_gmt":"2019-02-09T04:36:49","slug":"prefeitura-de-caruaru-expoe-obras-de","status":"publish","type":"post","link":"https:\/\/blogdoedvaldomagalhaes.com.br\/index.php\/2018\/10\/25\/prefeitura-de-caruaru-expoe-obras-de\/","title":{"rendered":"Prefeitura de Caruaru exp\u00f5e obras de artes\u00e3s no Caruaru Shopping"},"content":{"rendered":"<div class=\"separator\" style=\"clear: both; text-align: center;\">\n<a href=\"https:\/\/2.bp.blogspot.com\/-jYeLN40c_fA\/W9IQUjQ0CVI\/AAAAAAAA8Xw\/QW87_RAJhb80Ufy2tKOuetSRoqb-tyBxwCLcBGAs\/s1600\/01.JPG\" imageanchor=\"1\" style=\"margin-left: 1em; margin-right: 1em;\"><img loading=\"lazy\" decoding=\"async\" border=\"0\" data-original-height=\"1064\" data-original-width=\"1600\" height=\"424\" src=\"http:\/\/blogdoedvaldomagalhaes.com.br\/wp-content\/uploads\/2018\/10\/01-1.jpg\" width=\"640\" \/><\/a><\/div>\n<div style=\"text-align: justify;\">\n<\/div>\n<div style=\"text-align: justify;\">\nA Prefeitura de Caruaru, atrav\u00e9s da Secretaria de Pol\u00edticas para Mulheres (SPM) realizar\u00e1 entre os dias 29 de outubro e nove de novembro, no Lounge Exposi\u00e7\u00e3o de Artes Pl\u00e1sticas do Caruaru Shopping, a exposi\u00e7\u00e3o \u201cEss\u00eancia Feminina\u201d, das 10h \u00e0s 22h. A Gerencia de Cidadania e Qualidade de Vida \u00e9 quem estar\u00e1 \u00e0 frente da interven\u00e7\u00e3o que faz parte das a\u00e7\u00f5es voltadas para a cultura e empreendedorismo feminino da SPM. Na oportunidade, ser\u00e3o expostas as obras das artistas: Marliete Rodrigues, Danielle Guerreiro, Zenilda Bezerra, Nair Lima, Marluce Ara\u00fajo, Terezinha Gonzaga, Mariana Sousa e do Coletivo Flor do Barro.<\/div>\n<div style=\"text-align: justify;\">\n<\/div>\n<div class=\"separator\" style=\"clear: both; text-align: center;\">\n<a href=\"https:\/\/2.bp.blogspot.com\/-GIZsujL6Rug\/W9IQnvdc03I\/AAAAAAAA8X4\/pRn-FRW8Q-EHlnGgfDjbWlWtdr7GnLNiwCLcBGAs\/s1600\/02.jpg\" imageanchor=\"1\" style=\"margin-left: 1em; margin-right: 1em;\"><img loading=\"lazy\" decoding=\"async\" border=\"0\" data-original-height=\"1067\" data-original-width=\"1600\" height=\"426\" src=\"http:\/\/blogdoedvaldomagalhaes.com.br\/wp-content\/uploads\/2018\/10\/02-2.jpg\" width=\"640\" \/><\/a><\/div>\n<div style=\"text-align: justify;\">\n<\/div>\n<div style=\"text-align: justify;\">\nA exposi\u00e7\u00e3o visa contribuir para a promo\u00e7\u00e3o e evid\u00eancia dos trabalhos art\u00edsticos das mulheres de Caruaru, assim como estimular a autonomia econ\u00f4mica. \u201cEssas a\u00e7\u00f5es estruturantes servem como est\u00edmulo para a produ\u00e7\u00e3o local, sendo um fato importante para incentivar e promover o desenvolvimento do empoderamento dessas mulheres e o empreendedorismo, como tamb\u00e9m dar visibilidade \u00e0s artistas da nossa cidade\u201d, destacou a secret\u00e1ria da SPM, Juliana Gouveia.<\/div>\n<div style=\"text-align: justify;\">\n<\/div>\n<div class=\"separator\" style=\"clear: both; text-align: center;\">\n<a href=\"https:\/\/4.bp.blogspot.com\/-xXvQB5h-0ng\/W9IQu_stj7I\/AAAAAAAA8X8\/FV5k4Fn4x9AtquLhfwbhAB7y2cd7oRaCACLcBGAs\/s1600\/03.jpg\" imageanchor=\"1\" style=\"margin-left: 1em; margin-right: 1em;\"><img loading=\"lazy\" decoding=\"async\" border=\"0\" data-original-height=\"1067\" data-original-width=\"1600\" height=\"426\" src=\"http:\/\/blogdoedvaldomagalhaes.com.br\/wp-content\/uploads\/2018\/10\/03-1.jpg\" width=\"640\" \/><\/a><\/div>\n<div style=\"text-align: justify;\">\n<\/div>\n<div style=\"text-align: justify;\">\nEstimular a produ\u00e7\u00e3o cultural e oportunizar a exposi\u00e7\u00e3o das obras das artes\u00e3s, s\u00e3o tamb\u00e9m objetivos da a\u00e7\u00e3o promovida pela SPM, segundo Juliana. \u201cNesse sentido, contamos com a parceria do Caruaru Shopping, que se mostrou sens\u00edvel \u00e0 proposta da nossa exposi\u00e7\u00e3o\u201d, complementou a secret\u00e1ria.&nbsp;<\/div>\n<div style=\"text-align: justify;\">\n<\/div>\n<div class=\"separator\" style=\"clear: both; text-align: center;\">\n<a href=\"https:\/\/2.bp.blogspot.com\/-w5NgoAFPy44\/W9IQ7i1RNYI\/AAAAAAAA8YE\/CXAOiS_6Qhc_pEAWu80p2IexjD_g1qy0wCLcBGAs\/s1600\/04.jpg\" imageanchor=\"1\" style=\"margin-left: 1em; margin-right: 1em;\"><img loading=\"lazy\" decoding=\"async\" border=\"0\" data-original-height=\"1067\" data-original-width=\"1600\" height=\"426\" src=\"http:\/\/blogdoedvaldomagalhaes.com.br\/wp-content\/uploads\/2018\/10\/04-1.jpg\" width=\"640\" \/><\/a><\/div>\n<div style=\"text-align: justify;\">\n<\/div>\n<div style=\"text-align: justify;\">\nFotos de Arnaldo Felix e Oscar Bhartran.<\/div>\n","protected":false},"excerpt":{"rendered":"<p>A Prefeitura de Caruaru, atrav\u00e9s da Secretaria de Pol\u00edticas para Mulheres (SPM) realizar\u00e1 entre os dias 29 de outubro e&hellip;<\/p>\n","protected":false},"author":1,"featured_media":0,"comment_status":"open","ping_status":"open","sticky":false,"template":"","format":"standard","meta":{"footnotes":""},"categories":[1],"tags":[2,6,850],"class_list":["post-900","post","type-post","status-publish","format-standard","hentry","category-sem-categoria","tag-blog-do-edvaldo-magalhaes","tag-noticias","tag-prefeitura-de-caruaru-expoe-obras-de-artesas-no-caruaru-shopping"],"_links":{"self":[{"href":"https:\/\/blogdoedvaldomagalhaes.com.br\/index.php\/wp-json\/wp\/v2\/posts\/900","targetHints":{"allow":["GET"]}}],"collection":[{"href":"https:\/\/blogdoedvaldomagalhaes.com.br\/index.php\/wp-json\/wp\/v2\/posts"}],"about":[{"href":"https:\/\/blogdoedvaldomagalhaes.com.br\/index.php\/wp-json\/wp\/v2\/types\/post"}],"author":[{"embeddable":true,"href":"https:\/\/blogdoedvaldomagalhaes.com.br\/index.php\/wp-json\/wp\/v2\/users\/1"}],"replies":[{"embeddable":true,"href":"https:\/\/blogdoedvaldomagalhaes.com.br\/index.php\/wp-json\/wp\/v2\/comments?post=900"}],"version-history":[{"count":1,"href":"https:\/\/blogdoedvaldomagalhaes.com.br\/index.php\/wp-json\/wp\/v2\/posts\/900\/revisions"}],"predecessor-version":[{"id":35254,"href":"https:\/\/blogdoedvaldomagalhaes.com.br\/index.php\/wp-json\/wp\/v2\/posts\/900\/revisions\/35254"}],"wp:attachment":[{"href":"https:\/\/blogdoedvaldomagalhaes.com.br\/index.php\/wp-json\/wp\/v2\/media?parent=900"}],"wp:term":[{"taxonomy":"category","embeddable":true,"href":"https:\/\/blogdoedvaldomagalhaes.com.br\/index.php\/wp-json\/wp\/v2\/categories?post=900"},{"taxonomy":"post_tag","embeddable":true,"href":"https:\/\/blogdoedvaldomagalhaes.com.br\/index.php\/wp-json\/wp\/v2\/tags?post=900"}],"curies":[{"name":"wp","href":"https:\/\/api.w.org\/{rel}","templated":true}]}}