{"id":8996,"date":"2016-07-15T00:48:00","date_gmt":"2016-07-15T03:48:00","guid":{"rendered":"http:\/\/blogdoedvaldomagalhaes.com.br\/index.php\/2016\/07\/15\/rede-municipal-de-ensino-de-caruaru\/"},"modified":"2019-02-09T00:50:56","modified_gmt":"2019-02-09T02:50:56","slug":"rede-municipal-de-ensino-de-caruaru","status":"publish","type":"post","link":"https:\/\/blogdoedvaldomagalhaes.com.br\/index.php\/2016\/07\/15\/rede-municipal-de-ensino-de-caruaru\/","title":{"rendered":"Rede municipal de ensino de Caruaru inicia segundo semestre nesta sexta-feira"},"content":{"rendered":"<div class=\"separator\" style=\"clear: both; text-align: center;\">\n<a href=\"https:\/\/4.bp.blogspot.com\/-IDH1wSVP9is\/V4gylLBcjyI\/AAAAAAAACNQ\/raT0eEIbu1QipDW7wKYBoQqfvnWhlxBcQCLcB\/s1600\/volta-as-aulas.jpg\" imageanchor=\"1\" style=\"margin-left: 1em; margin-right: 1em;\"><img loading=\"lazy\" decoding=\"async\" border=\"0\" height=\"265\" src=\"http:\/\/blogdoedvaldomagalhaes.com.br\/wp-content\/uploads\/2016\/07\/volta-as-aulas.jpg\" width=\"400\" \/><\/a><\/div>\n<div style=\"text-align: justify;\">\n<\/div>\n<div style=\"text-align: justify;\">\nDepois de 15 dias de recesso, ser\u00e1<br \/>\niniciado nesta sexta-feira (15) o segundo semestre nas escolas da rede<br \/>\nmunicipal de ensino de Caruaru. Estar\u00e3o de volta \u00e0s salas de aula alunos<br \/>\n do 1\u00b0 ano ao 9\u00b0 do Ensino Fundamental e da Educa\u00e7\u00e3o de Jovens e<br \/>\nAdultos.<\/div>\n<div style=\"text-align: justify;\">\n<\/div>\n<div style=\"text-align: justify;\">\nAs turmas da Educa\u00e7\u00e3o Infantil que<br \/>\nincluem os Centros Municipais de Educa\u00e7\u00e3o Infantil voltar\u00e3o \u00e0s aulas na<br \/>\npr\u00f3xima segunda-feira (18), cumprindo o calend\u00e1rio letivo.<\/div>\n<p>\nFonte: R\u00e1dio Liberdade<\/p>\n","protected":false},"excerpt":{"rendered":"<p>Depois de 15 dias de recesso, ser\u00e1 iniciado nesta sexta-feira (15) o segundo semestre nas escolas da rede municipal de&hellip;<\/p>\n","protected":false},"author":1,"featured_media":0,"comment_status":"open","ping_status":"open","sticky":false,"template":"","format":"standard","meta":{"footnotes":""},"categories":[1],"tags":[2,13558,13559,13560],"class_list":["post-8996","post","type-post","status-publish","format-standard","hentry","category-sem-categoria","tag-blog-do-edvaldo-magalhaes","tag-educacao-infantil","tag-ensino-fundamental","tag-rede-municipal-de-ensino-de-caruaru-inicia-segundo-semestre-nesta-sexta-feira"],"_links":{"self":[{"href":"https:\/\/blogdoedvaldomagalhaes.com.br\/index.php\/wp-json\/wp\/v2\/posts\/8996","targetHints":{"allow":["GET"]}}],"collection":[{"href":"https:\/\/blogdoedvaldomagalhaes.com.br\/index.php\/wp-json\/wp\/v2\/posts"}],"about":[{"href":"https:\/\/blogdoedvaldomagalhaes.com.br\/index.php\/wp-json\/wp\/v2\/types\/post"}],"author":[{"embeddable":true,"href":"https:\/\/blogdoedvaldomagalhaes.com.br\/index.php\/wp-json\/wp\/v2\/users\/1"}],"replies":[{"embeddable":true,"href":"https:\/\/blogdoedvaldomagalhaes.com.br\/index.php\/wp-json\/wp\/v2\/comments?post=8996"}],"version-history":[{"count":1,"href":"https:\/\/blogdoedvaldomagalhaes.com.br\/index.php\/wp-json\/wp\/v2\/posts\/8996\/revisions"}],"predecessor-version":[{"id":10275,"href":"https:\/\/blogdoedvaldomagalhaes.com.br\/index.php\/wp-json\/wp\/v2\/posts\/8996\/revisions\/10275"}],"wp:attachment":[{"href":"https:\/\/blogdoedvaldomagalhaes.com.br\/index.php\/wp-json\/wp\/v2\/media?parent=8996"}],"wp:term":[{"taxonomy":"category","embeddable":true,"href":"https:\/\/blogdoedvaldomagalhaes.com.br\/index.php\/wp-json\/wp\/v2\/categories?post=8996"},{"taxonomy":"post_tag","embeddable":true,"href":"https:\/\/blogdoedvaldomagalhaes.com.br\/index.php\/wp-json\/wp\/v2\/tags?post=8996"}],"curies":[{"name":"wp","href":"https:\/\/api.w.org\/{rel}","templated":true}]}}