{"id":89953,"date":"2022-11-16T08:10:44","date_gmt":"2022-11-16T11:10:44","guid":{"rendered":"https:\/\/blogdoedvaldomagalhaes.com.br\/?p=89953"},"modified":"2022-11-16T08:10:45","modified_gmt":"2022-11-16T11:10:45","slug":"aulas-podem-sofrer-mudancas-nos-horarios-devido-copa-do-mundo","status":"publish","type":"post","link":"https:\/\/blogdoedvaldomagalhaes.com.br\/index.php\/2022\/11\/16\/aulas-podem-sofrer-mudancas-nos-horarios-devido-copa-do-mundo\/","title":{"rendered":"Aulas podem sofrer mudan\u00e7as nos hor\u00e1rios devido Copa do Mundo"},"content":{"rendered":"<p style=\"text-align: justify;\"><span style=\"color: initial; font-size: revert;\">Neste domingo (20), come\u00e7a oficialmente mais uma edi\u00e7\u00e3o da Copa do Mundo de futebol masculino. E no Brasil, v\u00e1rias institui\u00e7\u00f5es p\u00fablicas e privadas, adequaram seus hor\u00e1rios de funcionamento em raz\u00e3o dos jogos da sele\u00e7\u00e3o brasileira. E isso pode acontecer tamb\u00e9m nas escolas. De acordo com o advogado especialista em direito educacional, Luiz T\u00f4rres Neto, isso pode acontecer, mas o conte\u00fado n\u00e3o pode ser prejudicado devido a suspens\u00e3o das aulas. \u201cA institui\u00e7\u00e3o particular presta um servi\u00e7o essencial, assim, a educa\u00e7\u00e3o n\u00e3o pode ser prejudicada com a suspens\u00e3o. Havendo a necessidade, a institui\u00e7\u00e3o precisa remarcar a aula, cumprindo os 200 dias letivos\u201d, afirmou.<\/span><\/p>\n<p style=\"text-align: justify;\">Luiz tamb\u00e9m destaca que a institui\u00e7\u00e3o pode, por exemplo, dar dois turnos em um \u00fanico dia para poder suspender o expediente no dia do jogo. Mas ele explica que isso deve ser acordado com v\u00e1rios setores, incluindo os pais e tamb\u00e9m a contabilidade da institui\u00e7\u00e3o deve ser consultada para que os direitos dos colaboradores sejam assegurados como banco de horas ou pagamento de horas extras.<\/p>\n<p style=\"text-align: justify;\">O especialista ainda explica o que n\u00e3o cumprimento do que diz a lei pode causar a institui\u00e7\u00e3o. \u201cCaso a escola n\u00e3o cumpra com o que \u00e9 legal, incluindo os 200 dias letivos, podem levar a escola a sofrer puni\u00e7\u00f5es, inclusive administrativas. Nada pode levar a um preju\u00edzo de cunho educacional ao alunado\u201d, detalhou Luiz.<\/p>\n<p style=\"text-align: justify;\">Foto: Reprodu\u00e7\u00e3o\/Freepik.<\/p>\n<p style=\"text-align: justify;\">Siga o Instagram @blogdoedvaldomagalhaes<\/p>\n<p style=\"text-align: justify;\">Se inscreva no canal do Blog no YouTube.<\/p>\n","protected":false},"excerpt":{"rendered":"<p>Neste domingo (20), come\u00e7a oficialmente mais uma edi\u00e7\u00e3o da Copa do Mundo de futebol masculino. E no Brasil, v\u00e1rias institui\u00e7\u00f5es&hellip;<\/p>\n","protected":false},"author":1,"featured_media":89954,"comment_status":"closed","ping_status":"open","sticky":false,"template":"","format":"standard","meta":{"footnotes":""},"categories":[14120],"tags":[26070,2,19532,3406],"class_list":["post-89953","post","type-post","status-publish","format-standard","has-post-thumbnail","hentry","category-noticias","tag-aulas-podem-sofrer-mudancas-nos-horarios-devido-copa-do-mundo","tag-blog-do-edvaldo-magalhaes","tag-blog-mais-acessado-e-visualizado-de-caruaru-e-regiao","tag-caruaru"],"_links":{"self":[{"href":"https:\/\/blogdoedvaldomagalhaes.com.br\/index.php\/wp-json\/wp\/v2\/posts\/89953","targetHints":{"allow":["GET"]}}],"collection":[{"href":"https:\/\/blogdoedvaldomagalhaes.com.br\/index.php\/wp-json\/wp\/v2\/posts"}],"about":[{"href":"https:\/\/blogdoedvaldomagalhaes.com.br\/index.php\/wp-json\/wp\/v2\/types\/post"}],"author":[{"embeddable":true,"href":"https:\/\/blogdoedvaldomagalhaes.com.br\/index.php\/wp-json\/wp\/v2\/users\/1"}],"replies":[{"embeddable":true,"href":"https:\/\/blogdoedvaldomagalhaes.com.br\/index.php\/wp-json\/wp\/v2\/comments?post=89953"}],"version-history":[{"count":1,"href":"https:\/\/blogdoedvaldomagalhaes.com.br\/index.php\/wp-json\/wp\/v2\/posts\/89953\/revisions"}],"predecessor-version":[{"id":89955,"href":"https:\/\/blogdoedvaldomagalhaes.com.br\/index.php\/wp-json\/wp\/v2\/posts\/89953\/revisions\/89955"}],"wp:featuredmedia":[{"embeddable":true,"href":"https:\/\/blogdoedvaldomagalhaes.com.br\/index.php\/wp-json\/wp\/v2\/media\/89954"}],"wp:attachment":[{"href":"https:\/\/blogdoedvaldomagalhaes.com.br\/index.php\/wp-json\/wp\/v2\/media?parent=89953"}],"wp:term":[{"taxonomy":"category","embeddable":true,"href":"https:\/\/blogdoedvaldomagalhaes.com.br\/index.php\/wp-json\/wp\/v2\/categories?post=89953"},{"taxonomy":"post_tag","embeddable":true,"href":"https:\/\/blogdoedvaldomagalhaes.com.br\/index.php\/wp-json\/wp\/v2\/tags?post=89953"}],"curies":[{"name":"wp","href":"https:\/\/api.w.org\/{rel}","templated":true}]}}