{"id":89950,"date":"2022-11-15T21:32:15","date_gmt":"2022-11-16T00:32:15","guid":{"rendered":"https:\/\/blogdoedvaldomagalhaes.com.br\/?p=89950"},"modified":"2022-11-15T21:32:16","modified_gmt":"2022-11-16T00:32:16","slug":"procurado-pelo-nao-pagamento-de-pensao-alimenticia-no-ms-e-detido-pela-prf-em-pe","status":"publish","type":"post","link":"https:\/\/blogdoedvaldomagalhaes.com.br\/index.php\/2022\/11\/15\/procurado-pelo-nao-pagamento-de-pensao-alimenticia-no-ms-e-detido-pela-prf-em-pe\/","title":{"rendered":"Procurado pelo n\u00e3o pagamento de pens\u00e3o aliment\u00edcia no MS \u00e9 detido pela PRF em PE"},"content":{"rendered":"<p style=\"text-align: justify;\"><span style=\"color: initial; font-size: revert;\">Um homem que era procurado pelo n\u00e3o pagamento de pens\u00e3o aliment\u00edcia no Mato Grosso do Sul foi detido, na segunda-feira (14), pela Pol\u00edcia Rodovi\u00e1ria Federal (PRF). O flagrante foi realizado na BR 423, em Garanhuns, no Agreste pernambucano.<\/span><\/p>\n<p style=\"text-align: justify;\">Policiais realizavam uma fiscaliza\u00e7\u00e3o na rodovia, quando deram ordem de parada a um carro ocupado apenas pelo motorista. Em consulta ao documento apresentado pelo homem, foi encontrado um mandado de pris\u00e3o emitido em julho de 2019 pela 2\u00aa Vara de Fam\u00edlia e Sucess\u00f5es do TJMS.<\/p>\n<p style=\"text-align: justify;\">O motorista disse que n\u00e3o sabia do mandado de pris\u00e3o, mas que j\u00e1 havia atrasado alguma parcela da pens\u00e3o. Ele foi encaminhado \u00e0 Delegacia de Pol\u00edcia Civil de Garanhuns para ser apresentado \u00e0 justi\u00e7a. Foto: Divulga\u00e7\u00e3o\/PRF.<\/p>\n<p style=\"text-align: justify;\">Siga o Instagram @blogdoedvaldomagalhaes<\/p>\n<p style=\"text-align: justify;\">Se inscreva no canal do Blog no YouTube.<\/p>\n","protected":false},"excerpt":{"rendered":"<p>Um homem que era procurado pelo n\u00e3o pagamento de pens\u00e3o aliment\u00edcia no Mato Grosso do Sul foi detido, na segunda-feira&hellip;<\/p>\n","protected":false},"author":1,"featured_media":89951,"comment_status":"closed","ping_status":"open","sticky":false,"template":"","format":"standard","meta":{"footnotes":""},"categories":[14120],"tags":[2,19532,3406,26069],"class_list":["post-89950","post","type-post","status-publish","format-standard","has-post-thumbnail","hentry","category-noticias","tag-blog-do-edvaldo-magalhaes","tag-blog-mais-acessado-e-visualizado-de-caruaru-e-regiao","tag-caruaru","tag-procurado-pelo-nao-pagamento-de-pensao-alimenticia-no-ms-e-detido-pela-prf-em-pe"],"_links":{"self":[{"href":"https:\/\/blogdoedvaldomagalhaes.com.br\/index.php\/wp-json\/wp\/v2\/posts\/89950","targetHints":{"allow":["GET"]}}],"collection":[{"href":"https:\/\/blogdoedvaldomagalhaes.com.br\/index.php\/wp-json\/wp\/v2\/posts"}],"about":[{"href":"https:\/\/blogdoedvaldomagalhaes.com.br\/index.php\/wp-json\/wp\/v2\/types\/post"}],"author":[{"embeddable":true,"href":"https:\/\/blogdoedvaldomagalhaes.com.br\/index.php\/wp-json\/wp\/v2\/users\/1"}],"replies":[{"embeddable":true,"href":"https:\/\/blogdoedvaldomagalhaes.com.br\/index.php\/wp-json\/wp\/v2\/comments?post=89950"}],"version-history":[{"count":1,"href":"https:\/\/blogdoedvaldomagalhaes.com.br\/index.php\/wp-json\/wp\/v2\/posts\/89950\/revisions"}],"predecessor-version":[{"id":89952,"href":"https:\/\/blogdoedvaldomagalhaes.com.br\/index.php\/wp-json\/wp\/v2\/posts\/89950\/revisions\/89952"}],"wp:featuredmedia":[{"embeddable":true,"href":"https:\/\/blogdoedvaldomagalhaes.com.br\/index.php\/wp-json\/wp\/v2\/media\/89951"}],"wp:attachment":[{"href":"https:\/\/blogdoedvaldomagalhaes.com.br\/index.php\/wp-json\/wp\/v2\/media?parent=89950"}],"wp:term":[{"taxonomy":"category","embeddable":true,"href":"https:\/\/blogdoedvaldomagalhaes.com.br\/index.php\/wp-json\/wp\/v2\/categories?post=89950"},{"taxonomy":"post_tag","embeddable":true,"href":"https:\/\/blogdoedvaldomagalhaes.com.br\/index.php\/wp-json\/wp\/v2\/tags?post=89950"}],"curies":[{"name":"wp","href":"https:\/\/api.w.org\/{rel}","templated":true}]}}