{"id":8995,"date":"2016-07-15T00:49:00","date_gmt":"2016-07-15T03:49:00","guid":{"rendered":"http:\/\/blogdoedvaldomagalhaes.com.br\/index.php\/2016\/07\/15\/ministerio-publico-promove-reuniao-para\/"},"modified":"2019-02-09T00:50:56","modified_gmt":"2019-02-09T02:50:56","slug":"ministerio-publico-promove-reuniao-para","status":"publish","type":"post","link":"https:\/\/blogdoedvaldomagalhaes.com.br\/index.php\/2016\/07\/15\/ministerio-publico-promove-reuniao-para\/","title":{"rendered":"Minist\u00e9rio P\u00fablico promove reuni\u00e3o para discutir problemas do Samu"},"content":{"rendered":"<div class=\"separator\" style=\"clear: both; text-align: center;\">\n<a href=\"https:\/\/3.bp.blogspot.com\/-tUmnlQA3CoY\/V4gy8S9c-PI\/AAAAAAAACNU\/jUJk7UOWmhcjvf-R2sTTD79oFJjvTkZ6ACLcB\/s1600\/samu.jpg\" imageanchor=\"1\" style=\"margin-left: 1em; margin-right: 1em;\"><img loading=\"lazy\" decoding=\"async\" border=\"0\" height=\"226\" src=\"http:\/\/blogdoedvaldomagalhaes.com.br\/wp-content\/uploads\/2016\/07\/samu.jpg\" width=\"400\" \/><\/a><\/div>\n<div style=\"text-align: justify;\">\nRealizada nesta quinta-feira (14), no<br \/>\nMinist\u00e9rio P\u00fablico em Caruaru, uma reuni\u00e3o para discutir os s\u00e9rios<br \/>\nproblemas ocorridos no Samu. Al\u00e9m das macas que ficam retidas em<br \/>\nunidades de sa\u00fade, as ambul\u00e2ncias precisam de manuten\u00e7\u00e3o peri\u00f3dica e n\u00e3o<br \/>\n est\u00e3o sendo feitas.<\/div>\n<div style=\"text-align: justify;\">\n<\/div>\n<div style=\"text-align: justify;\">\nO promotor de Cidadania, Paulo Augusto,<br \/>\nse reuniu com representes das Secretarias Estadual e Municipal de Sa\u00fade e<br \/>\n do Sindicato dos M\u00e9dicos de Pernambuco (Simepe). Tamb\u00e9m entrou em pauta<br \/>\n o atraso de 30% da parcela dos sal\u00e1rios.<\/div>\n<div style=\"text-align: justify;\">\n<\/div>\n<div style=\"text-align: justify;\">\nA Secretaria de Sa\u00fade do Estado informou<br \/>\n que o dinheiro ser\u00e1 liberado nesta sexta-feira (15). J\u00e1 a Secretaria de<br \/>\n Sa\u00fade de Caruaru disse que uma empresa ser\u00e1 contratada pra fazer<br \/>\nmanuten\u00e7\u00e3o das ambul\u00e2ncias.<\/div>\n<p>\nFonte: R\u00e1dio Liberdade<\/p>\n","protected":false},"excerpt":{"rendered":"<p>Realizada nesta quinta-feira (14), no Minist\u00e9rio P\u00fablico em Caruaru, uma reuni\u00e3o para discutir os s\u00e9rios problemas ocorridos no Samu. Al\u00e9m&hellip;<\/p>\n","protected":false},"author":1,"featured_media":0,"comment_status":"open","ping_status":"open","sticky":false,"template":"","format":"standard","meta":{"footnotes":""},"categories":[1],"tags":[2,13554,13555,2526,13556,13557],"class_list":["post-8995","post","type-post","status-publish","format-standard","hentry","category-sem-categoria","tag-blog-do-edvaldo-magalhaes","tag-ministerio-publico-promove-reuniao-para-discutir-problemas-do-samu","tag-paulo-augusto","tag-secretaria-estadual-de-saude","tag-simepe","tag-sindicato-dos-medicos-de-pernambuco"],"_links":{"self":[{"href":"https:\/\/blogdoedvaldomagalhaes.com.br\/index.php\/wp-json\/wp\/v2\/posts\/8995","targetHints":{"allow":["GET"]}}],"collection":[{"href":"https:\/\/blogdoedvaldomagalhaes.com.br\/index.php\/wp-json\/wp\/v2\/posts"}],"about":[{"href":"https:\/\/blogdoedvaldomagalhaes.com.br\/index.php\/wp-json\/wp\/v2\/types\/post"}],"author":[{"embeddable":true,"href":"https:\/\/blogdoedvaldomagalhaes.com.br\/index.php\/wp-json\/wp\/v2\/users\/1"}],"replies":[{"embeddable":true,"href":"https:\/\/blogdoedvaldomagalhaes.com.br\/index.php\/wp-json\/wp\/v2\/comments?post=8995"}],"version-history":[{"count":1,"href":"https:\/\/blogdoedvaldomagalhaes.com.br\/index.php\/wp-json\/wp\/v2\/posts\/8995\/revisions"}],"predecessor-version":[{"id":10277,"href":"https:\/\/blogdoedvaldomagalhaes.com.br\/index.php\/wp-json\/wp\/v2\/posts\/8995\/revisions\/10277"}],"wp:attachment":[{"href":"https:\/\/blogdoedvaldomagalhaes.com.br\/index.php\/wp-json\/wp\/v2\/media?parent=8995"}],"wp:term":[{"taxonomy":"category","embeddable":true,"href":"https:\/\/blogdoedvaldomagalhaes.com.br\/index.php\/wp-json\/wp\/v2\/categories?post=8995"},{"taxonomy":"post_tag","embeddable":true,"href":"https:\/\/blogdoedvaldomagalhaes.com.br\/index.php\/wp-json\/wp\/v2\/tags?post=8995"}],"curies":[{"name":"wp","href":"https:\/\/api.w.org\/{rel}","templated":true}]}}