{"id":89944,"date":"2022-11-15T21:09:10","date_gmt":"2022-11-16T00:09:10","guid":{"rendered":"https:\/\/blogdoedvaldomagalhaes.com.br\/?p=89944"},"modified":"2022-11-15T21:09:10","modified_gmt":"2022-11-16T00:09:10","slug":"suspeitos-de-furtar-apartamento-em-joao-pessoa-sao-detidos-pela-prf-em-pernambuco","status":"publish","type":"post","link":"https:\/\/blogdoedvaldomagalhaes.com.br\/index.php\/2022\/11\/15\/suspeitos-de-furtar-apartamento-em-joao-pessoa-sao-detidos-pela-prf-em-pernambuco\/","title":{"rendered":"Suspeitos de furtar apartamento em Jo\u00e3o Pessoa s\u00e3o detidos pela PRF em Pernambuco"},"content":{"rendered":"<p style=\"text-align: justify;\"><span style=\"color: initial; font-size: revert;\">Dois homens suspeitos de furtar um apartamento em Jo\u00e3o Pessoa, na Para\u00edba, foram detidos na noite de segunda-feira (14), na BR 423, em Garanhuns, no Agreste de Pernambuco. A dupla foi detida pela Pol\u00edcia Rodovi\u00e1ria Federal (PRF), a partir de informa\u00e7\u00f5es repassadas pela Pol\u00edcia Civil da Para\u00edba (PCPB).<\/span><\/p>\n<p style=\"text-align: justify;\">Policiais receberam informa\u00e7\u00f5es da Central da PRF de que um carro com dois suspeitos de furto seguiam em dire\u00e7\u00e3o a Garanhuns. A equipe visualizou um ve\u00edculo com as mesmas caracter\u00edsticas e deu ordem de parada ao motorista.<\/p>\n<p style=\"text-align: justify;\">Durante a abordagem, os policiais perceberam que o motorista utilizava um rel\u00f3gio importado e que o homem tentou esconder o objeto no bolso. No porta-luvas, tamb\u00e9m foi encontrado um \u00f3culos de marca que estaria na lista dos objetos furtados no apartamento. O rel\u00f3gio est\u00e1 avaliado em mais de R$15 mil.<\/p>\n<p style=\"text-align: justify;\">Ao avaliar as c\u00e2meras de seguran\u00e7a do im\u00f3vel, a equipe percebeu a semelhan\u00e7a f\u00edsica dos suspeitos e encontrou no ve\u00edculo roupas id\u00eanticas \u00e0s utilizadas para furtar o apartamento. Os suspeitos tamb\u00e9m portavam 21 d\u00f3lares, R$269, um par de luvas e dois celulares.<\/p>\n<p style=\"text-align: justify;\">A equipe entrou em contato com o delegado da Pol\u00edcia Civil da Para\u00edba e a v\u00edtima do furto reconheceu os objetos levados. Diante dos fatos, os homens foram conduzidos \u00e0 Delegacia de Pol\u00edcia Civil de Garanhuns, para a continuidade dos procedimentos legais.\u00a0<\/p>\n<p style=\"text-align: justify;\">Siga o Instagram @blogdoedvaldomagalhaes<\/p>\n<p style=\"text-align: justify;\">Se inscreva no canal do Blog no YouTube.<\/p>\n\n\n<figure class=\"wp-block-image size-large\"><img loading=\"lazy\" decoding=\"async\" width=\"1024\" height=\"576\" src=\"https:\/\/blogdoedvaldomagalhaes.com.br\/wp-content\/uploads\/2022\/11\/IMG-20221115-WA0066-1024x576.jpg\" alt=\"\" class=\"wp-image-89946\" srcset=\"https:\/\/blogdoedvaldomagalhaes.com.br\/wp-content\/uploads\/2022\/11\/IMG-20221115-WA0066-1024x576.jpg 1024w, https:\/\/blogdoedvaldomagalhaes.com.br\/wp-content\/uploads\/2022\/11\/IMG-20221115-WA0066-300x169.jpg 300w, https:\/\/blogdoedvaldomagalhaes.com.br\/wp-content\/uploads\/2022\/11\/IMG-20221115-WA0066-768x432.jpg 768w, https:\/\/blogdoedvaldomagalhaes.com.br\/wp-content\/uploads\/2022\/11\/IMG-20221115-WA0066-1536x864.jpg 1536w, https:\/\/blogdoedvaldomagalhaes.com.br\/wp-content\/uploads\/2022\/11\/IMG-20221115-WA0066-1140x641.jpg 1140w, https:\/\/blogdoedvaldomagalhaes.com.br\/wp-content\/uploads\/2022\/11\/IMG-20221115-WA0066-720x405.jpg 720w, https:\/\/blogdoedvaldomagalhaes.com.br\/wp-content\/uploads\/2022\/11\/IMG-20221115-WA0066.jpg 1600w\" sizes=\"auto, (max-width: 1024px) 100vw, 1024px\" \/><\/figure>\n\n\n\n<figure class=\"wp-block-image size-full\"><img loading=\"lazy\" decoding=\"async\" width=\"942\" height=\"708\" src=\"https:\/\/blogdoedvaldomagalhaes.com.br\/wp-content\/uploads\/2022\/11\/IMG-20221115-WA0067.jpg\" alt=\"\" class=\"wp-image-89947\" srcset=\"https:\/\/blogdoedvaldomagalhaes.com.br\/wp-content\/uploads\/2022\/11\/IMG-20221115-WA0067.jpg 942w, https:\/\/blogdoedvaldomagalhaes.com.br\/wp-content\/uploads\/2022\/11\/IMG-20221115-WA0067-300x225.jpg 300w, https:\/\/blogdoedvaldomagalhaes.com.br\/wp-content\/uploads\/2022\/11\/IMG-20221115-WA0067-768x577.jpg 768w, https:\/\/blogdoedvaldomagalhaes.com.br\/wp-content\/uploads\/2022\/11\/IMG-20221115-WA0067-160x120.jpg 160w\" sizes=\"auto, (max-width: 942px) 100vw, 942px\" \/><\/figure>\n\n\n\n<figure class=\"wp-block-image size-full\"><img loading=\"lazy\" decoding=\"async\" width=\"916\" height=\"707\" src=\"https:\/\/blogdoedvaldomagalhaes.com.br\/wp-content\/uploads\/2022\/11\/IMG-20221115-WA0068.jpg\" alt=\"\" class=\"wp-image-89948\" srcset=\"https:\/\/blogdoedvaldomagalhaes.com.br\/wp-content\/uploads\/2022\/11\/IMG-20221115-WA0068.jpg 916w, https:\/\/blogdoedvaldomagalhaes.com.br\/wp-content\/uploads\/2022\/11\/IMG-20221115-WA0068-300x232.jpg 300w, https:\/\/blogdoedvaldomagalhaes.com.br\/wp-content\/uploads\/2022\/11\/IMG-20221115-WA0068-768x593.jpg 768w\" sizes=\"auto, (max-width: 916px) 100vw, 916px\" \/><figcaption>Fotos: Divulga\u00e7\u00e3o\/PRF<\/figcaption><\/figure>\n","protected":false},"excerpt":{"rendered":"<p>Dois homens suspeitos de furtar um apartamento em Jo\u00e3o Pessoa, na Para\u00edba, foram detidos na noite de segunda-feira (14), na&hellip;<\/p>\n","protected":false},"author":1,"featured_media":89945,"comment_status":"closed","ping_status":"open","sticky":false,"template":"","format":"standard","meta":{"footnotes":""},"categories":[14121],"tags":[2,19532,3406,26068],"class_list":["post-89944","post","type-post","status-publish","format-standard","has-post-thumbnail","hentry","category-policial","tag-blog-do-edvaldo-magalhaes","tag-blog-mais-acessado-e-visualizado-de-caruaru-e-regiao","tag-caruaru","tag-suspeitos-de-furtar-apartamento-em-joao-pessoa-sao-detidos-pela-prf-em-pernambuco"],"_links":{"self":[{"href":"https:\/\/blogdoedvaldomagalhaes.com.br\/index.php\/wp-json\/wp\/v2\/posts\/89944","targetHints":{"allow":["GET"]}}],"collection":[{"href":"https:\/\/blogdoedvaldomagalhaes.com.br\/index.php\/wp-json\/wp\/v2\/posts"}],"about":[{"href":"https:\/\/blogdoedvaldomagalhaes.com.br\/index.php\/wp-json\/wp\/v2\/types\/post"}],"author":[{"embeddable":true,"href":"https:\/\/blogdoedvaldomagalhaes.com.br\/index.php\/wp-json\/wp\/v2\/users\/1"}],"replies":[{"embeddable":true,"href":"https:\/\/blogdoedvaldomagalhaes.com.br\/index.php\/wp-json\/wp\/v2\/comments?post=89944"}],"version-history":[{"count":1,"href":"https:\/\/blogdoedvaldomagalhaes.com.br\/index.php\/wp-json\/wp\/v2\/posts\/89944\/revisions"}],"predecessor-version":[{"id":89949,"href":"https:\/\/blogdoedvaldomagalhaes.com.br\/index.php\/wp-json\/wp\/v2\/posts\/89944\/revisions\/89949"}],"wp:featuredmedia":[{"embeddable":true,"href":"https:\/\/blogdoedvaldomagalhaes.com.br\/index.php\/wp-json\/wp\/v2\/media\/89945"}],"wp:attachment":[{"href":"https:\/\/blogdoedvaldomagalhaes.com.br\/index.php\/wp-json\/wp\/v2\/media?parent=89944"}],"wp:term":[{"taxonomy":"category","embeddable":true,"href":"https:\/\/blogdoedvaldomagalhaes.com.br\/index.php\/wp-json\/wp\/v2\/categories?post=89944"},{"taxonomy":"post_tag","embeddable":true,"href":"https:\/\/blogdoedvaldomagalhaes.com.br\/index.php\/wp-json\/wp\/v2\/tags?post=89944"}],"curies":[{"name":"wp","href":"https:\/\/api.w.org\/{rel}","templated":true}]}}