{"id":89941,"date":"2022-11-15T20:52:51","date_gmt":"2022-11-15T23:52:51","guid":{"rendered":"https:\/\/blogdoedvaldomagalhaes.com.br\/?p=89941"},"modified":"2022-11-15T20:52:53","modified_gmt":"2022-11-15T23:52:53","slug":"prf-e-biesp-recuperam-em-caruaru-caminhonete-roubada-na-bahia","status":"publish","type":"post","link":"https:\/\/blogdoedvaldomagalhaes.com.br\/index.php\/2022\/11\/15\/prf-e-biesp-recuperam-em-caruaru-caminhonete-roubada-na-bahia\/","title":{"rendered":"PRF e BIEsp recuperam em Caruaru caminhonete roubada na Bahia"},"content":{"rendered":"<p style=\"text-align: justify;\">Uma caminhonete que havia sido roubada em Lauro de Freitas, na Bahia, foi recuperada na segunda-feira (14), na BR 104, em Caruaru, no Agreste de Pernambuco. O motorista do ve\u00edculo foi detido em uma a\u00e7\u00e3o integrada da Pol\u00edcia Rodovi\u00e1ria Federal (PRF) e 1\u2070 Batalh\u00e3o Integrado Especializado da Pol\u00edcia Militar (BIEsp-PM).<\/p>\n<p style=\"text-align: justify;\">Os policiais realizavam uma fiscaliza\u00e7\u00e3o no Km 66 da rodovia, quando abordaram uma caminhonete com placas do Mercosul. Ap\u00f3s um procedimento de identifica\u00e7\u00e3o, foi constatado que o ve\u00edculo portava placas clonadas e possu\u00eda um registro de roubo desde fevereiro do ano passado.<\/p>\n<p style=\"text-align: justify;\">O motorista alegou que havia pego a caminhonete emprestada com o patr\u00e3o e que trabalha com confec\u00e7\u00e3o. Ele foi encaminhado \u00e0 Delegacia de Pol\u00edcia Civil de Caruaru, para a ado\u00e7\u00e3o dos procedimentos cab\u00edveis. Foto: Divulga\u00e7\u00e3o\/PRF.<\/p>\n<p style=\"text-align: justify;\">Siga o Instagram @blogdoedvaldomagalhaes<\/p>\n<p style=\"text-align: justify;\">Se inscreva no canal do Blog no YouTube.<\/p>\n","protected":false},"excerpt":{"rendered":"<p>Uma caminhonete que havia sido roubada em Lauro de Freitas, na Bahia, foi recuperada na segunda-feira (14), na BR 104,&hellip;<\/p>\n","protected":false},"author":1,"featured_media":89942,"comment_status":"closed","ping_status":"open","sticky":false,"template":"","format":"standard","meta":{"footnotes":""},"categories":[14121],"tags":[2,19532,3406,26067],"class_list":["post-89941","post","type-post","status-publish","format-standard","has-post-thumbnail","hentry","category-policial","tag-blog-do-edvaldo-magalhaes","tag-blog-mais-acessado-e-visualizado-de-caruaru-e-regiao","tag-caruaru","tag-prf-e-biesp-recuperam-em-caruaru-caminhonete-roubada-na-bahia"],"_links":{"self":[{"href":"https:\/\/blogdoedvaldomagalhaes.com.br\/index.php\/wp-json\/wp\/v2\/posts\/89941","targetHints":{"allow":["GET"]}}],"collection":[{"href":"https:\/\/blogdoedvaldomagalhaes.com.br\/index.php\/wp-json\/wp\/v2\/posts"}],"about":[{"href":"https:\/\/blogdoedvaldomagalhaes.com.br\/index.php\/wp-json\/wp\/v2\/types\/post"}],"author":[{"embeddable":true,"href":"https:\/\/blogdoedvaldomagalhaes.com.br\/index.php\/wp-json\/wp\/v2\/users\/1"}],"replies":[{"embeddable":true,"href":"https:\/\/blogdoedvaldomagalhaes.com.br\/index.php\/wp-json\/wp\/v2\/comments?post=89941"}],"version-history":[{"count":1,"href":"https:\/\/blogdoedvaldomagalhaes.com.br\/index.php\/wp-json\/wp\/v2\/posts\/89941\/revisions"}],"predecessor-version":[{"id":89943,"href":"https:\/\/blogdoedvaldomagalhaes.com.br\/index.php\/wp-json\/wp\/v2\/posts\/89941\/revisions\/89943"}],"wp:featuredmedia":[{"embeddable":true,"href":"https:\/\/blogdoedvaldomagalhaes.com.br\/index.php\/wp-json\/wp\/v2\/media\/89942"}],"wp:attachment":[{"href":"https:\/\/blogdoedvaldomagalhaes.com.br\/index.php\/wp-json\/wp\/v2\/media?parent=89941"}],"wp:term":[{"taxonomy":"category","embeddable":true,"href":"https:\/\/blogdoedvaldomagalhaes.com.br\/index.php\/wp-json\/wp\/v2\/categories?post=89941"},{"taxonomy":"post_tag","embeddable":true,"href":"https:\/\/blogdoedvaldomagalhaes.com.br\/index.php\/wp-json\/wp\/v2\/tags?post=89941"}],"curies":[{"name":"wp","href":"https:\/\/api.w.org\/{rel}","templated":true}]}}