{"id":89936,"date":"2022-11-15T17:40:49","date_gmt":"2022-11-15T20:40:49","guid":{"rendered":"https:\/\/blogdoedvaldomagalhaes.com.br\/?p=89936"},"modified":"2022-11-15T20:16:37","modified_gmt":"2022-11-15T23:16:37","slug":"homem-e-assassinado-a-tiros-em-via-publica-em-caruaru-nesta-terca-feira-15","status":"publish","type":"post","link":"https:\/\/blogdoedvaldomagalhaes.com.br\/index.php\/2022\/11\/15\/homem-e-assassinado-a-tiros-em-via-publica-em-caruaru-nesta-terca-feira-15\/","title":{"rendered":"Homem \u00e9 assassinado a tiros em via p\u00fablica, em Caruaru, nesta ter\u00e7a-feira (15)"},"content":{"rendered":"<p style=\"text-align: justify;\">Um homic\u00eddio foi registrado na tarde desta ter\u00e7a-feira (15), na rua Luiz de Fran\u00e7a, no bairro Jos\u00e9 Carlos de Oliveira, em Caruaru. Xandre Vieira da Silva, foi assassinado a tiros. O corpo foi encaminhado para o IML de Caruaru.<\/p>\n<p>Este foi o 4\u00b0 homic\u00eddio no m\u00eas de novembro, e o 79\u00b0 no ano de 2022, em Caruaru.<\/p>\n","protected":false},"excerpt":{"rendered":"<p>Um homic\u00eddio foi registrado na tarde desta ter\u00e7a-feira (15), na rua Luiz de Fran\u00e7a, no bairro Jos\u00e9 Carlos de Oliveira,&hellip;<\/p>\n","protected":false},"author":1,"featured_media":89937,"comment_status":"closed","ping_status":"open","sticky":false,"template":"","format":"standard","meta":{"footnotes":""},"categories":[14121],"tags":[2,19532,3406,26066,5448],"class_list":["post-89936","post","type-post","status-publish","format-standard","has-post-thumbnail","hentry","category-policial","tag-blog-do-edvaldo-magalhaes","tag-blog-mais-acessado-e-visualizado-de-caruaru-e-regiao","tag-caruaru","tag-homem-e-assassinado-a-tiros-em-caruaru-nesta-terca-feira-15","tag-homicidio"],"_links":{"self":[{"href":"https:\/\/blogdoedvaldomagalhaes.com.br\/index.php\/wp-json\/wp\/v2\/posts\/89936","targetHints":{"allow":["GET"]}}],"collection":[{"href":"https:\/\/blogdoedvaldomagalhaes.com.br\/index.php\/wp-json\/wp\/v2\/posts"}],"about":[{"href":"https:\/\/blogdoedvaldomagalhaes.com.br\/index.php\/wp-json\/wp\/v2\/types\/post"}],"author":[{"embeddable":true,"href":"https:\/\/blogdoedvaldomagalhaes.com.br\/index.php\/wp-json\/wp\/v2\/users\/1"}],"replies":[{"embeddable":true,"href":"https:\/\/blogdoedvaldomagalhaes.com.br\/index.php\/wp-json\/wp\/v2\/comments?post=89936"}],"version-history":[{"count":2,"href":"https:\/\/blogdoedvaldomagalhaes.com.br\/index.php\/wp-json\/wp\/v2\/posts\/89936\/revisions"}],"predecessor-version":[{"id":89940,"href":"https:\/\/blogdoedvaldomagalhaes.com.br\/index.php\/wp-json\/wp\/v2\/posts\/89936\/revisions\/89940"}],"wp:featuredmedia":[{"embeddable":true,"href":"https:\/\/blogdoedvaldomagalhaes.com.br\/index.php\/wp-json\/wp\/v2\/media\/89937"}],"wp:attachment":[{"href":"https:\/\/blogdoedvaldomagalhaes.com.br\/index.php\/wp-json\/wp\/v2\/media?parent=89936"}],"wp:term":[{"taxonomy":"category","embeddable":true,"href":"https:\/\/blogdoedvaldomagalhaes.com.br\/index.php\/wp-json\/wp\/v2\/categories?post=89936"},{"taxonomy":"post_tag","embeddable":true,"href":"https:\/\/blogdoedvaldomagalhaes.com.br\/index.php\/wp-json\/wp\/v2\/tags?post=89936"}],"curies":[{"name":"wp","href":"https:\/\/api.w.org\/{rel}","templated":true}]}}