{"id":89932,"date":"2022-11-15T14:50:15","date_gmt":"2022-11-15T17:50:15","guid":{"rendered":"https:\/\/blogdoedvaldomagalhaes.com.br\/?p=89932"},"modified":"2022-11-15T14:52:36","modified_gmt":"2022-11-15T17:52:36","slug":"academico-de-jornalismo-faz-tcc-em-homenagem-ao-jornalista-alexandre-farias","status":"publish","type":"post","link":"https:\/\/blogdoedvaldomagalhaes.com.br\/index.php\/2022\/11\/15\/academico-de-jornalismo-faz-tcc-em-homenagem-ao-jornalista-alexandre-farias\/","title":{"rendered":"Acad\u00eamico de jornalismo faz TCC em homenagem ao jornalista Alexandre Farias"},"content":{"rendered":"<p style=\"text-align: justify;\">O jornalista e ex-apresentador, Alexandre Farias, ser\u00e1 homenageado, em document\u00e1rio, na Asces-unita, na pr\u00f3xima segunda-feira (21) de novembro.<\/p>\n<p style=\"text-align: justify;\">O trabalho de conclus\u00e3o de curso do rep\u00f3rter e estudante de Jornalismo, Kalebe Pereira, do Portal Caruaru 24 horas, contar\u00e1 a hist\u00f3ria de vida e supera\u00e7\u00e3o de Alexandre. O evento ser\u00e1 \u00e0s 19h, no audit\u00f3rio no campus 1, na avenida Portugal.<\/p>\n<p style=\"text-align: justify;\">Siga o Instagram @blogdoedvaldomagalhaes<\/p>\n<p style=\"text-align: justify;\">Se inscreva no canal do Blog no YouTube.<\/p>\n","protected":false},"excerpt":{"rendered":"<p>O jornalista e ex-apresentador, Alexandre Farias, ser\u00e1 homenageado, em document\u00e1rio, na Asces-unita, na pr\u00f3xima segunda-feira (21) de novembro. O trabalho&hellip;<\/p>\n","protected":false},"author":1,"featured_media":89933,"comment_status":"closed","ping_status":"open","sticky":false,"template":"","format":"standard","meta":{"footnotes":""},"categories":[14120],"tags":[26065,2,19532,3406],"class_list":["post-89932","post","type-post","status-publish","format-standard","has-post-thumbnail","hentry","category-noticias","tag-academico-de-jornalismo-faz-tcc-em-homenagem-ao-jornalista-alexandre-farias","tag-blog-do-edvaldo-magalhaes","tag-blog-mais-acessado-e-visualizado-de-caruaru-e-regiao","tag-caruaru"],"_links":{"self":[{"href":"https:\/\/blogdoedvaldomagalhaes.com.br\/index.php\/wp-json\/wp\/v2\/posts\/89932","targetHints":{"allow":["GET"]}}],"collection":[{"href":"https:\/\/blogdoedvaldomagalhaes.com.br\/index.php\/wp-json\/wp\/v2\/posts"}],"about":[{"href":"https:\/\/blogdoedvaldomagalhaes.com.br\/index.php\/wp-json\/wp\/v2\/types\/post"}],"author":[{"embeddable":true,"href":"https:\/\/blogdoedvaldomagalhaes.com.br\/index.php\/wp-json\/wp\/v2\/users\/1"}],"replies":[{"embeddable":true,"href":"https:\/\/blogdoedvaldomagalhaes.com.br\/index.php\/wp-json\/wp\/v2\/comments?post=89932"}],"version-history":[{"count":1,"href":"https:\/\/blogdoedvaldomagalhaes.com.br\/index.php\/wp-json\/wp\/v2\/posts\/89932\/revisions"}],"predecessor-version":[{"id":89934,"href":"https:\/\/blogdoedvaldomagalhaes.com.br\/index.php\/wp-json\/wp\/v2\/posts\/89932\/revisions\/89934"}],"wp:featuredmedia":[{"embeddable":true,"href":"https:\/\/blogdoedvaldomagalhaes.com.br\/index.php\/wp-json\/wp\/v2\/media\/89933"}],"wp:attachment":[{"href":"https:\/\/blogdoedvaldomagalhaes.com.br\/index.php\/wp-json\/wp\/v2\/media?parent=89932"}],"wp:term":[{"taxonomy":"category","embeddable":true,"href":"https:\/\/blogdoedvaldomagalhaes.com.br\/index.php\/wp-json\/wp\/v2\/categories?post=89932"},{"taxonomy":"post_tag","embeddable":true,"href":"https:\/\/blogdoedvaldomagalhaes.com.br\/index.php\/wp-json\/wp\/v2\/tags?post=89932"}],"curies":[{"name":"wp","href":"https:\/\/api.w.org\/{rel}","templated":true}]}}