{"id":89927,"date":"2022-11-14T23:27:37","date_gmt":"2022-11-15T02:27:37","guid":{"rendered":"https:\/\/blogdoedvaldomagalhaes.com.br\/?p=89927"},"modified":"2022-11-14T23:27:39","modified_gmt":"2022-11-15T02:27:39","slug":"policial-caruaruense-e-condecorado-com-o-premio-destaque-internacional-nordeste","status":"publish","type":"post","link":"https:\/\/blogdoedvaldomagalhaes.com.br\/index.php\/2022\/11\/14\/policial-caruaruense-e-condecorado-com-o-premio-destaque-internacional-nordeste\/","title":{"rendered":"Policial caruaruense \u00e9 condecorado com o Pr\u00eamio Destaque Internacional Nordeste"},"content":{"rendered":"<p style=\"text-align: justify;\">O saudoso Cidad\u00e3o Caruaruense &#8211; Coronel Osvaldo Matos de Melo, que comandou o 4\u00b0 BPM na d\u00e9cada de 80, e deve est\u00e1 muito feliz e orgulhoso no c\u00e9u. Ontem o seu filho Coronel PM Paulo Fernando Andrade Matos, que comandou a Cavalaria de Caruaru em 2007, foi condecorado com o Pr\u00eamio Destaque Internacional Nordeste 2022.<br \/>O Pr\u00eamio Destaque Internacional Nordeste est\u00e1 em sua 8\u00b0 edi\u00e7\u00e3o e homenageia \u00e0s personalidades que se destacaram na regi\u00e3o. \u00danico do g\u00eanero reconhecido por Lei.<\/p>\n<p style=\"text-align: justify;\">Siga o Instagram @blogdoedvaldomagalhaes<\/p>\n<p style=\"text-align: justify;\">Se inscreva no canal do Blog no YouTube.<\/p>\n\n\n<figure class=\"wp-block-image size-large\"><img loading=\"lazy\" decoding=\"async\" width=\"1024\" height=\"1024\" src=\"https:\/\/blogdoedvaldomagalhaes.com.br\/wp-content\/uploads\/2022\/11\/IMG-20221114-WA0127-1024x1024.jpg\" alt=\"\" class=\"wp-image-89930\" srcset=\"https:\/\/blogdoedvaldomagalhaes.com.br\/wp-content\/uploads\/2022\/11\/IMG-20221114-WA0127.jpg 1024w, https:\/\/blogdoedvaldomagalhaes.com.br\/wp-content\/uploads\/2022\/11\/IMG-20221114-WA0127-300x300.jpg 300w, https:\/\/blogdoedvaldomagalhaes.com.br\/wp-content\/uploads\/2022\/11\/IMG-20221114-WA0127-150x150.jpg 150w, https:\/\/blogdoedvaldomagalhaes.com.br\/wp-content\/uploads\/2022\/11\/IMG-20221114-WA0127-768x768.jpg 768w\" sizes=\"auto, (max-width: 1024px) 100vw, 1024px\" \/><\/figure>\n\n\n\n<p><\/p>\n\n\n\n<figure class=\"wp-block-image size-full\"><img loading=\"lazy\" decoding=\"async\" width=\"768\" height=\"1024\" src=\"https:\/\/blogdoedvaldomagalhaes.com.br\/wp-content\/uploads\/2022\/11\/IMG-20221114-WA0129.jpg\" alt=\"\" class=\"wp-image-89929\" srcset=\"https:\/\/blogdoedvaldomagalhaes.com.br\/wp-content\/uploads\/2022\/11\/IMG-20221114-WA0129.jpg 768w, https:\/\/blogdoedvaldomagalhaes.com.br\/wp-content\/uploads\/2022\/11\/IMG-20221114-WA0129-225x300.jpg 225w\" sizes=\"auto, (max-width: 768px) 100vw, 768px\" \/><figcaption>Fotos: Divulga\u00e7\u00e3o <\/figcaption><\/figure>\n","protected":false},"excerpt":{"rendered":"<p>O saudoso Cidad\u00e3o Caruaruense &#8211; Coronel Osvaldo Matos de Melo, que comandou o 4\u00b0 BPM na d\u00e9cada de 80, e&hellip;<\/p>\n","protected":false},"author":1,"featured_media":89928,"comment_status":"closed","ping_status":"open","sticky":false,"template":"","format":"standard","meta":{"footnotes":""},"categories":[14120],"tags":[2,19532,3406,26064],"class_list":["post-89927","post","type-post","status-publish","format-standard","has-post-thumbnail","hentry","category-noticias","tag-blog-do-edvaldo-magalhaes","tag-blog-mais-acessado-e-visualizado-de-caruaru-e-regiao","tag-caruaru","tag-policial-caruaruense-e-condecorado-com-o-premio-destaque-internacional-nordeste"],"_links":{"self":[{"href":"https:\/\/blogdoedvaldomagalhaes.com.br\/index.php\/wp-json\/wp\/v2\/posts\/89927","targetHints":{"allow":["GET"]}}],"collection":[{"href":"https:\/\/blogdoedvaldomagalhaes.com.br\/index.php\/wp-json\/wp\/v2\/posts"}],"about":[{"href":"https:\/\/blogdoedvaldomagalhaes.com.br\/index.php\/wp-json\/wp\/v2\/types\/post"}],"author":[{"embeddable":true,"href":"https:\/\/blogdoedvaldomagalhaes.com.br\/index.php\/wp-json\/wp\/v2\/users\/1"}],"replies":[{"embeddable":true,"href":"https:\/\/blogdoedvaldomagalhaes.com.br\/index.php\/wp-json\/wp\/v2\/comments?post=89927"}],"version-history":[{"count":1,"href":"https:\/\/blogdoedvaldomagalhaes.com.br\/index.php\/wp-json\/wp\/v2\/posts\/89927\/revisions"}],"predecessor-version":[{"id":89931,"href":"https:\/\/blogdoedvaldomagalhaes.com.br\/index.php\/wp-json\/wp\/v2\/posts\/89927\/revisions\/89931"}],"wp:featuredmedia":[{"embeddable":true,"href":"https:\/\/blogdoedvaldomagalhaes.com.br\/index.php\/wp-json\/wp\/v2\/media\/89928"}],"wp:attachment":[{"href":"https:\/\/blogdoedvaldomagalhaes.com.br\/index.php\/wp-json\/wp\/v2\/media?parent=89927"}],"wp:term":[{"taxonomy":"category","embeddable":true,"href":"https:\/\/blogdoedvaldomagalhaes.com.br\/index.php\/wp-json\/wp\/v2\/categories?post=89927"},{"taxonomy":"post_tag","embeddable":true,"href":"https:\/\/blogdoedvaldomagalhaes.com.br\/index.php\/wp-json\/wp\/v2\/tags?post=89927"}],"curies":[{"name":"wp","href":"https:\/\/api.w.org\/{rel}","templated":true}]}}