{"id":89920,"date":"2022-11-14T20:49:10","date_gmt":"2022-11-14T23:49:10","guid":{"rendered":"https:\/\/blogdoedvaldomagalhaes.com.br\/?p=89920"},"modified":"2022-11-14T20:49:11","modified_gmt":"2022-11-14T23:49:11","slug":"suspeito-de-efetuar-tiros-em-carro-de-ex-companheira-e-detido-pela-prf","status":"publish","type":"post","link":"https:\/\/blogdoedvaldomagalhaes.com.br\/index.php\/2022\/11\/14\/suspeito-de-efetuar-tiros-em-carro-de-ex-companheira-e-detido-pela-prf\/","title":{"rendered":"Suspeito de efetuar tiros em carro de ex-companheira \u00e9 detido pela PRF"},"content":{"rendered":"<p style=\"text-align: justify;\"><span style=\"color: initial; font-size: revert;\">Um suspeito de efetuar cinco disparos no carro da ex-companheira foi detido com um rev\u00f3lver calibre .38, no domingo (13), na BR 408, em S\u00e3o Louren\u00e7o da Mata, na Zona da Mata de Pernambuco. O flagrante foi realizado em uma a\u00e7\u00e3o integrada da Pol\u00edcia Rodovi\u00e1ria Federal (PRF) e 20\u2070 Batalh\u00e3o de Pol\u00edcia Militar de Pernambuco (BPM).<\/span><\/p>\n<p style=\"text-align: justify;\">Uma equipe da PRF realizava uma ronda na rodovia, quando avistou um ve\u00edculo utilit\u00e1rio no acostamento. Ao se aproximar, verificou que a porta n\u00e3o estava trancada e havia uma arma embaixo do banco do motorista.<\/p>\n<p style=\"text-align: justify;\">Pouco depois, uma equipe da PM chegou ao local e informou que um homem bastante nervoso foi encontrado em um posto de combust\u00edvel, relatando que o carro havia parado de funcionar. Os policiais conduziram o suspeito at\u00e9 o ve\u00edculo e ele confirmou que o carro e a arma eram dele.<\/p>\n<p style=\"text-align: justify;\">O homem tamb\u00e9m admitiu que havia alugado o carro, efetuado cinco disparados no ve\u00edculo da ex-companheira e teria fugido ap\u00f3s o crime. Ele foi conduzido \u00e0 Delegacia de Pol\u00edcia Civil da Mulher, onde a v\u00edtima estava prestando depoimento, para a continuidade dos procedimentos legais.<\/p>\n<p style=\"text-align: justify;\">Siga o Instagram @blogdoedvaldomagalhaes<\/p>\n<p style=\"text-align: justify;\">Se inscreva no canal do Blog no YouTube.<\/p>\n\n\n<figure class=\"wp-block-image size-large\"><img loading=\"lazy\" decoding=\"async\" width=\"1024\" height=\"576\" src=\"https:\/\/blogdoedvaldomagalhaes.com.br\/wp-content\/uploads\/2022\/11\/IMG-20221114-WA0119-1024x576.jpg\" alt=\"\" class=\"wp-image-89922\" srcset=\"https:\/\/blogdoedvaldomagalhaes.com.br\/wp-content\/uploads\/2022\/11\/IMG-20221114-WA0119-1024x576.jpg 1024w, https:\/\/blogdoedvaldomagalhaes.com.br\/wp-content\/uploads\/2022\/11\/IMG-20221114-WA0119-300x169.jpg 300w, https:\/\/blogdoedvaldomagalhaes.com.br\/wp-content\/uploads\/2022\/11\/IMG-20221114-WA0119-768x432.jpg 768w, https:\/\/blogdoedvaldomagalhaes.com.br\/wp-content\/uploads\/2022\/11\/IMG-20221114-WA0119-1536x864.jpg 1536w, https:\/\/blogdoedvaldomagalhaes.com.br\/wp-content\/uploads\/2022\/11\/IMG-20221114-WA0119-1140x641.jpg 1140w, https:\/\/blogdoedvaldomagalhaes.com.br\/wp-content\/uploads\/2022\/11\/IMG-20221114-WA0119-720x405.jpg 720w, https:\/\/blogdoedvaldomagalhaes.com.br\/wp-content\/uploads\/2022\/11\/IMG-20221114-WA0119.jpg 1600w\" sizes=\"auto, (max-width: 1024px) 100vw, 1024px\" \/><figcaption>Fotos: Divulga\u00e7\u00e3o\/PRF<\/figcaption><\/figure>\n","protected":false},"excerpt":{"rendered":"<p>Um suspeito de efetuar cinco disparos no carro da ex-companheira foi detido com um rev\u00f3lver calibre .38, no domingo (13),&hellip;<\/p>\n","protected":false},"author":1,"featured_media":89921,"comment_status":"closed","ping_status":"open","sticky":false,"template":"","format":"standard","meta":{"footnotes":""},"categories":[14121],"tags":[2,19532,3406,26062],"class_list":["post-89920","post","type-post","status-publish","format-standard","has-post-thumbnail","hentry","category-policial","tag-blog-do-edvaldo-magalhaes","tag-blog-mais-acessado-e-visualizado-de-caruaru-e-regiao","tag-caruaru","tag-suspeito-de-efetuar-tiros-em-carro-de-ex-companheira-e-detido-pela-prf"],"_links":{"self":[{"href":"https:\/\/blogdoedvaldomagalhaes.com.br\/index.php\/wp-json\/wp\/v2\/posts\/89920","targetHints":{"allow":["GET"]}}],"collection":[{"href":"https:\/\/blogdoedvaldomagalhaes.com.br\/index.php\/wp-json\/wp\/v2\/posts"}],"about":[{"href":"https:\/\/blogdoedvaldomagalhaes.com.br\/index.php\/wp-json\/wp\/v2\/types\/post"}],"author":[{"embeddable":true,"href":"https:\/\/blogdoedvaldomagalhaes.com.br\/index.php\/wp-json\/wp\/v2\/users\/1"}],"replies":[{"embeddable":true,"href":"https:\/\/blogdoedvaldomagalhaes.com.br\/index.php\/wp-json\/wp\/v2\/comments?post=89920"}],"version-history":[{"count":1,"href":"https:\/\/blogdoedvaldomagalhaes.com.br\/index.php\/wp-json\/wp\/v2\/posts\/89920\/revisions"}],"predecessor-version":[{"id":89923,"href":"https:\/\/blogdoedvaldomagalhaes.com.br\/index.php\/wp-json\/wp\/v2\/posts\/89920\/revisions\/89923"}],"wp:featuredmedia":[{"embeddable":true,"href":"https:\/\/blogdoedvaldomagalhaes.com.br\/index.php\/wp-json\/wp\/v2\/media\/89921"}],"wp:attachment":[{"href":"https:\/\/blogdoedvaldomagalhaes.com.br\/index.php\/wp-json\/wp\/v2\/media?parent=89920"}],"wp:term":[{"taxonomy":"category","embeddable":true,"href":"https:\/\/blogdoedvaldomagalhaes.com.br\/index.php\/wp-json\/wp\/v2\/categories?post=89920"},{"taxonomy":"post_tag","embeddable":true,"href":"https:\/\/blogdoedvaldomagalhaes.com.br\/index.php\/wp-json\/wp\/v2\/tags?post=89920"}],"curies":[{"name":"wp","href":"https:\/\/api.w.org\/{rel}","templated":true}]}}