{"id":89917,"date":"2022-11-14T20:00:35","date_gmt":"2022-11-14T23:00:35","guid":{"rendered":"https:\/\/blogdoedvaldomagalhaes.com.br\/?p=89917"},"modified":"2022-11-14T20:00:36","modified_gmt":"2022-11-14T23:00:36","slug":"senac-caruaru-oferece-43-vagas-gratuitas-na-area-de-saude","status":"publish","type":"post","link":"https:\/\/blogdoedvaldomagalhaes.com.br\/index.php\/2022\/11\/14\/senac-caruaru-oferece-43-vagas-gratuitas-na-area-de-saude\/","title":{"rendered":"Senac Caruaru oferece 43 vagas gratuitas na \u00e1rea de Sa\u00fade"},"content":{"rendered":"<p style=\"text-align: justify;\"><span style=\"color: initial; font-size: revert;\">O Senac Pernambuco, por meio do Programa Senac de Gratuidade (PSG), est\u00e1 com inscri\u00e7\u00f5es abertas para 43 vagas gratuitas para cursos de Aperfei\u00e7oamento na unidade de Caruaru. S\u00e3o dois cursos no segmento de sa\u00fade e quem estiver interessado pode se inscrever at\u00e9 o pr\u00f3ximo domingo, 20 de novembro, no site da institui\u00e7\u00e3o, pelo endere\u00e7o www.pe.senac.br\/psg\/#\/consulta-de-vagas (Programa Senac de Gratuidade).<\/span><\/p>\n<p style=\"text-align: justify;\">Uma oferta \u00e9 o curso de Auriculoterapia com carga hor\u00e1ria de 24 h\/a. Para se inscrever nesse curso h\u00e1 alguns requisitos espec\u00edficos, que s\u00e3o: ter cursado ou estar cursando Ensino T\u00e9cnico ou Superior no segmento de Sa\u00fade, ou, ainda, ter cursado a Qualifica\u00e7\u00e3o Profissional de Massagista. A segunda op\u00e7\u00e3o de curso \u00e9 o de T\u00e9cnicas em Flebotomia, quem tem carga hor\u00e1ria de 40h\/a. Para se inscrever nesse curso \u00e9 preciso estar cursando ou ser T\u00e9cnico em Enfermagem, Ensino M\u00e9dio Completo ou ter cursado o Est\u00e1gio supervisionado &#8211; higiene e conforto, coleta de materiais biol\u00f3gicos e sa\u00fade mental. Os dois cursos s\u00e3o presenciais e t\u00eam, respectivamente, 18 e 25 vagas.<\/p>\n<p style=\"text-align: justify;\">Para concorrer a uma das vagas, os interessados devem comprovar que se encaixam nos pr\u00e9-requisitos do PSG. entre eles, est\u00e1 o de ter renda familiar per capita (por pessoa) de at\u00e9 dois sal\u00e1rios m\u00ednimos e estar matriculado ou ser egresso da educa\u00e7\u00e3o b\u00e1sica. O resultado dos aprovados ser\u00e1 divulgado no dia 21 de novembro e a matr\u00edcula pode ser realizada nos dias 21 e 22 de novembro. O Senac em Caruaru funciona na Av. Maria Jos\u00e9 Lyra, n\u00ba140 Indian\u00f3polis. Mais informa\u00e7\u00f5es podem ser obtidas pelos telefones (81) 3727.8259 ou pelo endere\u00e7o www.pe.senac.br\/psg.<\/p>\n<p style=\"text-align: justify;\">Siga o Instagram @blogdoedvaldomagalhaes<\/p>\n<p style=\"text-align: justify;\">Se inscreva no canal do Blog no YouTube.<\/p>\n<p style=\"text-align: justify;\">Foto: Divulga\u00e7\u00e3o.<\/p>\n","protected":false},"excerpt":{"rendered":"<p>O Senac Pernambuco, por meio do Programa Senac de Gratuidade (PSG), est\u00e1 com inscri\u00e7\u00f5es abertas para 43 vagas gratuitas para&hellip;<\/p>\n","protected":false},"author":1,"featured_media":89918,"comment_status":"closed","ping_status":"open","sticky":false,"template":"","format":"standard","meta":{"footnotes":""},"categories":[14120],"tags":[2,19532,3406,26061],"class_list":["post-89917","post","type-post","status-publish","format-standard","has-post-thumbnail","hentry","category-noticias","tag-blog-do-edvaldo-magalhaes","tag-blog-mais-acessado-e-visualizado-de-caruaru-e-regiao","tag-caruaru","tag-senac-caruaru-oferece-43-vagas-gratuitas-na-area-de-saude"],"_links":{"self":[{"href":"https:\/\/blogdoedvaldomagalhaes.com.br\/index.php\/wp-json\/wp\/v2\/posts\/89917","targetHints":{"allow":["GET"]}}],"collection":[{"href":"https:\/\/blogdoedvaldomagalhaes.com.br\/index.php\/wp-json\/wp\/v2\/posts"}],"about":[{"href":"https:\/\/blogdoedvaldomagalhaes.com.br\/index.php\/wp-json\/wp\/v2\/types\/post"}],"author":[{"embeddable":true,"href":"https:\/\/blogdoedvaldomagalhaes.com.br\/index.php\/wp-json\/wp\/v2\/users\/1"}],"replies":[{"embeddable":true,"href":"https:\/\/blogdoedvaldomagalhaes.com.br\/index.php\/wp-json\/wp\/v2\/comments?post=89917"}],"version-history":[{"count":1,"href":"https:\/\/blogdoedvaldomagalhaes.com.br\/index.php\/wp-json\/wp\/v2\/posts\/89917\/revisions"}],"predecessor-version":[{"id":89919,"href":"https:\/\/blogdoedvaldomagalhaes.com.br\/index.php\/wp-json\/wp\/v2\/posts\/89917\/revisions\/89919"}],"wp:featuredmedia":[{"embeddable":true,"href":"https:\/\/blogdoedvaldomagalhaes.com.br\/index.php\/wp-json\/wp\/v2\/media\/89918"}],"wp:attachment":[{"href":"https:\/\/blogdoedvaldomagalhaes.com.br\/index.php\/wp-json\/wp\/v2\/media?parent=89917"}],"wp:term":[{"taxonomy":"category","embeddable":true,"href":"https:\/\/blogdoedvaldomagalhaes.com.br\/index.php\/wp-json\/wp\/v2\/categories?post=89917"},{"taxonomy":"post_tag","embeddable":true,"href":"https:\/\/blogdoedvaldomagalhaes.com.br\/index.php\/wp-json\/wp\/v2\/tags?post=89917"}],"curies":[{"name":"wp","href":"https:\/\/api.w.org\/{rel}","templated":true}]}}