{"id":89914,"date":"2022-11-14T17:22:44","date_gmt":"2022-11-14T20:22:44","guid":{"rendered":"https:\/\/blogdoedvaldomagalhaes.com.br\/?p=89914"},"modified":"2022-11-14T17:22:45","modified_gmt":"2022-11-14T20:22:45","slug":"feriado-da-proclamacao-da-republica-confira-o-que-abre-e-fecha-em-caruaru-nesta-terca-feira-15","status":"publish","type":"post","link":"https:\/\/blogdoedvaldomagalhaes.com.br\/index.php\/2022\/11\/14\/feriado-da-proclamacao-da-republica-confira-o-que-abre-e-fecha-em-caruaru-nesta-terca-feira-15\/","title":{"rendered":"Feriado da Proclama\u00e7\u00e3o da Rep\u00fablica: Confira o que abre e fecha em Caruaru  nesta ter\u00e7a-feira (15)"},"content":{"rendered":"<p style=\"text-align: justify;\">O feriado da Proclama\u00e7\u00e3o da Rep\u00fablica \u00e9 comemorado no dia 15 de novembro. A data lembra o momento que Marechal Deodoro da Fonseca rompe com a monarquia e se torna o primeiro presidente federativo do Brasil, implantando um governo republicano em 1889. O sistema presidencialista tomou forma com uma nova Constitui\u00e7\u00e3o e foi proclamado gra\u00e7as a um golpe de militares e integrantes do movimento republicano, ap\u00f3s um enfraquecimento da monarquia em1870. Al\u00e9m de ser um momento hist\u00f3rico, o feriado de 15 de novembro \u00e9 um dos mais esperados para viagens e a procura por passagens econ\u00f4micas \u00e9 grande. Confira o que abre e fecha em Caruaru:<\/p>\n<p style=\"text-align: justify;\"><strong>Com\u00e9rcio<\/strong>: Os lojistas que comunicaram ao Sindloja a abertura com anteced\u00eancia, podem trabalhar normalmente.<\/p>\n<p style=\"text-align: justify;\"><strong>Caruaru Shopping:<\/strong>\u00a0lojas e quiosques funcionam das 10h \u00e0s 22h; alimenta\u00e7\u00e3o e lazer, das 11h \u00e0s 22h; o mercado, das 7h \u00e0s 22h; a academia, das 8h \u00e0s 18h, e o cinema conforme o hor\u00e1rio da sess\u00e3o.<\/p>\n<p style=\"text-align: justify;\"><strong>Shopping Difusora:<\/strong>\u00a0lojas, quiosques e pra\u00e7a de alimenta\u00e7\u00e3o abrem das 11h \u00e0s 20h.<\/p>\n<p style=\"text-align: justify;\"><strong>Polo Caruaru:<\/strong>\u00a0funciona normalmente, das 9h \u00e0s 18h.<\/p>\n<p style=\"text-align: justify;\"><strong>Sa\u00fade p\u00fablica municipal:\u00a0<\/strong>Hospitais, Unidades de Pronto Atendimento (UPA) e Samu estar\u00e3o funcionando normalmente, assim como a vacina\u00e7\u00e3o, que acontece na Via Parque, das 8h at\u00e9 as 18h. J\u00e1 os servi\u00e7os ambulatoriais como os Ambulat\u00f3rios M\u00e9dicos Especializados (AME), as Unidades B\u00e1sicas de Sa\u00fade (UBS) e os Centros de Sa\u00fade (CS) n\u00e3o funcionar\u00e3o na data.<\/p>\n<p style=\"text-align: justify;\"><strong>Secretaria de Servi\u00e7os P\u00fablicos e Sustentabilidade:<\/strong>\u00a0Os parques urbanos funcionar\u00e3o das 6h \u00e0s 19h. Bem como, o Parque Natural Professor Jo\u00e3o Vasconcelos Sobrinho (Serra dos Cavalos), das 7h \u00e0s 16h. J\u00e1 a coleta de lixo, as manuten\u00e7\u00f5es de ilumina\u00e7\u00e3o p\u00fablica e a limpeza do Rio Ipojuca acontecer\u00e3o normalmente.<\/p>\n<p style=\"text-align: justify;\"><strong>Secretaria de Desenvolvimento Social e Direitos Humanos:\u00a0<\/strong>Plant\u00e3o do aux\u00edlio funeral pelos telefones (81) 9.8384-2410 e (81) 9.8384-3756. Tamb\u00e9m funciona normalmente o atendimento \u00e0 popula\u00e7\u00e3o em situa\u00e7\u00e3o de rua no Acolhimento Adulto, que fica na rua Alferes Jorge, no bairro Indian\u00f3polis.<\/p>\n<p style=\"text-align: justify;\"><strong>Ceaca:<\/strong>\u00a0Feira acontece normalmente, com o com\u00e9rcio aberto a partir das 4h. O setor administrativo estar\u00e1 fechado.<\/p>\n<p style=\"text-align: justify;\"><strong>Monte do Bom Jesus:<\/strong>\u00a0Funcionamento das 8h \u00e0s 22h.<\/p>\n<p style=\"text-align: justify;\"><strong>Via Parque:\u00a0<\/strong>Funcionamento das 6h \u00e0s 22h<\/p>\n","protected":false},"excerpt":{"rendered":"<p>O feriado da Proclama\u00e7\u00e3o da Rep\u00fablica \u00e9 comemorado no dia 15 de novembro. A data lembra o momento que Marechal&hellip;<\/p>\n","protected":false},"author":1,"featured_media":89915,"comment_status":"closed","ping_status":"open","sticky":false,"template":"","format":"standard","meta":{"footnotes":""},"categories":[14120],"tags":[],"class_list":["post-89914","post","type-post","status-publish","format-standard","has-post-thumbnail","hentry","category-noticias"],"_links":{"self":[{"href":"https:\/\/blogdoedvaldomagalhaes.com.br\/index.php\/wp-json\/wp\/v2\/posts\/89914","targetHints":{"allow":["GET"]}}],"collection":[{"href":"https:\/\/blogdoedvaldomagalhaes.com.br\/index.php\/wp-json\/wp\/v2\/posts"}],"about":[{"href":"https:\/\/blogdoedvaldomagalhaes.com.br\/index.php\/wp-json\/wp\/v2\/types\/post"}],"author":[{"embeddable":true,"href":"https:\/\/blogdoedvaldomagalhaes.com.br\/index.php\/wp-json\/wp\/v2\/users\/1"}],"replies":[{"embeddable":true,"href":"https:\/\/blogdoedvaldomagalhaes.com.br\/index.php\/wp-json\/wp\/v2\/comments?post=89914"}],"version-history":[{"count":1,"href":"https:\/\/blogdoedvaldomagalhaes.com.br\/index.php\/wp-json\/wp\/v2\/posts\/89914\/revisions"}],"predecessor-version":[{"id":89916,"href":"https:\/\/blogdoedvaldomagalhaes.com.br\/index.php\/wp-json\/wp\/v2\/posts\/89914\/revisions\/89916"}],"wp:featuredmedia":[{"embeddable":true,"href":"https:\/\/blogdoedvaldomagalhaes.com.br\/index.php\/wp-json\/wp\/v2\/media\/89915"}],"wp:attachment":[{"href":"https:\/\/blogdoedvaldomagalhaes.com.br\/index.php\/wp-json\/wp\/v2\/media?parent=89914"}],"wp:term":[{"taxonomy":"category","embeddable":true,"href":"https:\/\/blogdoedvaldomagalhaes.com.br\/index.php\/wp-json\/wp\/v2\/categories?post=89914"},{"taxonomy":"post_tag","embeddable":true,"href":"https:\/\/blogdoedvaldomagalhaes.com.br\/index.php\/wp-json\/wp\/v2\/tags?post=89914"}],"curies":[{"name":"wp","href":"https:\/\/api.w.org\/{rel}","templated":true}]}}