{"id":89901,"date":"2022-11-14T10:53:03","date_gmt":"2022-11-14T13:53:03","guid":{"rendered":"https:\/\/blogdoedvaldomagalhaes.com.br\/?p=89901"},"modified":"2022-11-14T11:13:38","modified_gmt":"2022-11-14T14:13:38","slug":"morre-cirurgiao-dentista-e-ex-presidente-do-central-airton-vieira","status":"publish","type":"post","link":"https:\/\/blogdoedvaldomagalhaes.com.br\/index.php\/2022\/11\/14\/morre-cirurgiao-dentista-e-ex-presidente-do-central-airton-vieira\/","title":{"rendered":"Morre cirurgi\u00e3o dentista e ex-presidente do Central, Airton Vieira"},"content":{"rendered":"<p style=\"text-align: justify;\">O Blog do Edvaldo Magalh\u00e3es divulga com pesar o falecimento do cirurgi\u00e3o dentista e ex-predidente do Central, Airton Vieira, aos 82 anos, ocorrido na madrugada desta segunda-feira (14). Dr Airton Vieira estava internado na UTI do Hospital Santa Efig\u00eania, em Caruaru.<\/p>\n<p style=\"text-align: justify;\">O corpo est\u00e1 no vel\u00f3rio Dom Bosco, e o sepultamento ser\u00e1 \u00e0s 16h, desta segunda-feira (14), no Cemit\u00e9rio Dom Bosco.<\/p>\n","protected":false},"excerpt":{"rendered":"<p>O Blog do Edvaldo Magalh\u00e3es divulga com pesar o falecimento do cirurgi\u00e3o dentista e ex-predidente do Central, Airton Vieira, aos&hellip;<\/p>\n","protected":false},"author":1,"featured_media":89902,"comment_status":"closed","ping_status":"open","sticky":false,"template":"","format":"standard","meta":{"footnotes":""},"categories":[14120],"tags":[2,19532,3406,26059],"class_list":["post-89901","post","type-post","status-publish","format-standard","has-post-thumbnail","hentry","category-noticias","tag-blog-do-edvaldo-magalhaes","tag-blog-mais-acessado-e-visualizado-de-caruaru-e-regiao","tag-caruaru","tag-morre-cirurgiao-dentista-e-ex-presidente-do-central-airton-vieira"],"_links":{"self":[{"href":"https:\/\/blogdoedvaldomagalhaes.com.br\/index.php\/wp-json\/wp\/v2\/posts\/89901","targetHints":{"allow":["GET"]}}],"collection":[{"href":"https:\/\/blogdoedvaldomagalhaes.com.br\/index.php\/wp-json\/wp\/v2\/posts"}],"about":[{"href":"https:\/\/blogdoedvaldomagalhaes.com.br\/index.php\/wp-json\/wp\/v2\/types\/post"}],"author":[{"embeddable":true,"href":"https:\/\/blogdoedvaldomagalhaes.com.br\/index.php\/wp-json\/wp\/v2\/users\/1"}],"replies":[{"embeddable":true,"href":"https:\/\/blogdoedvaldomagalhaes.com.br\/index.php\/wp-json\/wp\/v2\/comments?post=89901"}],"version-history":[{"count":2,"href":"https:\/\/blogdoedvaldomagalhaes.com.br\/index.php\/wp-json\/wp\/v2\/posts\/89901\/revisions"}],"predecessor-version":[{"id":89905,"href":"https:\/\/blogdoedvaldomagalhaes.com.br\/index.php\/wp-json\/wp\/v2\/posts\/89901\/revisions\/89905"}],"wp:featuredmedia":[{"embeddable":true,"href":"https:\/\/blogdoedvaldomagalhaes.com.br\/index.php\/wp-json\/wp\/v2\/media\/89902"}],"wp:attachment":[{"href":"https:\/\/blogdoedvaldomagalhaes.com.br\/index.php\/wp-json\/wp\/v2\/media?parent=89901"}],"wp:term":[{"taxonomy":"category","embeddable":true,"href":"https:\/\/blogdoedvaldomagalhaes.com.br\/index.php\/wp-json\/wp\/v2\/categories?post=89901"},{"taxonomy":"post_tag","embeddable":true,"href":"https:\/\/blogdoedvaldomagalhaes.com.br\/index.php\/wp-json\/wp\/v2\/tags?post=89901"}],"curies":[{"name":"wp","href":"https:\/\/api.w.org\/{rel}","templated":true}]}}