{"id":899,"date":"2018-10-25T19:09:00","date_gmt":"2018-10-25T21:09:00","guid":{"rendered":"http:\/\/blogdoedvaldomagalhaes.com.br\/index.php\/2018\/10\/25\/livro-com-panorama-hidrico-da-regiao\/"},"modified":"2019-02-09T02:36:49","modified_gmt":"2019-02-09T04:36:49","slug":"livro-com-panorama-hidrico-da-regiao","status":"publish","type":"post","link":"https:\/\/blogdoedvaldomagalhaes.com.br\/index.php\/2018\/10\/25\/livro-com-panorama-hidrico-da-regiao\/","title":{"rendered":"Livro com panorama h\u00eddrico da regi\u00e3o Agreste \u00e9 lan\u00e7ado em Caruaru"},"content":{"rendered":"<div class=\"separator\" style=\"clear: both; text-align: center;\">\n<a href=\"https:\/\/2.bp.blogspot.com\/-E_L90Zfo3LQ\/W9IUfFm6b5I\/AAAAAAAA8YQ\/6FH4MzGNYQs0tGZqVMDPzjHkTGwvzfTQQCLcBGAs\/s1600\/compesa.jpg\" imageanchor=\"1\" style=\"margin-left: 1em; margin-right: 1em;\"><img loading=\"lazy\" decoding=\"async\" border=\"0\" data-original-height=\"682\" data-original-width=\"1024\" height=\"426\" src=\"http:\/\/blogdoedvaldomagalhaes.com.br\/wp-content\/uploads\/2018\/10\/compesa-2.jpg\" width=\"640\" \/><\/a><\/div>\n<div style=\"text-align: justify;\">\n<\/div>\n<div style=\"text-align: justify;\">\nOs engenheiros civis Nyadja Menezes, Ronaldo Chagas e S\u00e9rgio Torres, que t\u00eam em comum a atua\u00e7\u00e3o de anos na Companhia Pernambucana de Saneamento (Compesa), lan\u00e7aram, na \u00faltima ter\u00e7a-feira, 23, o livro Sistemas de Abastecimento de \u00c1gua, desenvolvido a partir de experi\u00eancias profissionais no interior de Pernambuco, especialmente no Agreste, a regi\u00e3o com o pior balan\u00e7o h\u00eddrico de Pernambuco.<\/div>\n<div style=\"text-align: justify;\">\n<\/div>\n<div style=\"text-align: justify;\">\nO lan\u00e7amento do livro aconteceu na biblioteca Vicente Jorge Esp\u00edndola Rodrigues do Centro Universit\u00e1rio do Vale do Ipojuca (UNIFAVIP | Wyden). Colaboradores da Compesa, autoridades, jornalistas e alunos estiveram presentes. O presidente da Compesa, Roberto Tavares, que estava com agenda em Bras\u00edlia, foi representado pelo assessor da diretoria de Articula\u00e7\u00e3o e Meio Ambiente, Waldecy Farias. \u201cParabenizamos aos nossos colegas pelo importante trabalho que demonstra a import\u00e2ncia de se documentar mem\u00f3rias. A Compesa tem percebido a necessidade de beber da fonte da sabedoria dessas pessoas que tanto contribu\u00edram com a hist\u00f3ria da Companhia. Os autores s\u00e3o profissionais respeitados que est\u00e3o colaborando com os futuros engenheiros sanitaristas e as pr\u00f3ximas gera\u00e7\u00f5es\u201d.<\/p>\n<\/div>\n<div style=\"text-align: justify;\">\n<div class=\"separator\" style=\"clear: both; text-align: center;\">\n<a href=\"https:\/\/1.bp.blogspot.com\/-XA5L83EkVQA\/W9IVgvvAQmI\/AAAAAAAA8YY\/4lh-RfQzAJkHjRpLVvkspXr55zvpxDTBQCLcBGAs\/s1600\/sim.jpg\" imageanchor=\"1\" style=\"margin-left: 1em; margin-right: 1em;\"><img loading=\"lazy\" decoding=\"async\" border=\"0\" data-original-height=\"341\" data-original-width=\"512\" height=\"426\" src=\"http:\/\/blogdoedvaldomagalhaes.com.br\/wp-content\/uploads\/2018\/10\/sim-4.jpg\" width=\"640\" \/><\/a><\/div>\n<p><\/div>\n<div style=\"text-align: justify;\">\nEm sete cap\u00edtulos e 264 p\u00e1ginas, os autores falam dos desafios superados durante o trabalho em uma das maiores empresas de saneamento do pa\u00eds. \u201cEu espero poder auxiliar as pessoas que est\u00e3o tendo o primeiro contato na gradua\u00e7\u00e3o com os sistemas de abastecimento de \u00e1gua. O livro traz as situa\u00e7\u00f5es do dia a dia que eu vivenciei em 39 anos de trabalho na Compesa, situa\u00e7\u00f5es essas que nos exigem pensamento r\u00e1pido, criatividade e solu\u00e7\u00f5es urgentes para os problemas que impactam a popula\u00e7\u00e3o. \u00c9 uma \u00e1rea desafiadora e apaixonante\u201d, afirmou S\u00e9rgio Torres.<\/div>\n<div style=\"text-align: justify;\">\n<\/div>\n<div style=\"text-align: justify;\">\n\u201cO Abastecimento muda a vida das pessoas. A infraestrutura urbana \u00e9 muito importante. Comecei na Compesa como estagi\u00e1ria em 1998 e eu fui me apaixonando por essa \u00e1rea. Tenho orgulho de fazer parte da Companhia e hoje lan\u00e7ar esse trabalho. A maioria dos livros sobre o tema traz uma abordagem muito gen\u00e9rica e foca nas regi\u00f5es sul sudeste. Ent\u00e3o, essa \u00e9 uma obra em que o aluno daqui vai identificar situa\u00e7\u00f5es da nossa regi\u00e3o que tem um hist\u00f3rico de dificuldades no abastecimento de \u00e1gua t\u00edpicas de uma regi\u00e3o do semi\u00e1rido do Brasil\u201d, disse Nyadja Menezes.<\/div>\n<div style=\"text-align: justify;\">\n<\/div>\n","protected":false},"excerpt":{"rendered":"<p>Os engenheiros civis Nyadja Menezes, Ronaldo Chagas e S\u00e9rgio Torres, que t\u00eam em comum a atua\u00e7\u00e3o de anos na Companhia&hellip;<\/p>\n","protected":false},"author":1,"featured_media":0,"comment_status":"open","ping_status":"open","sticky":false,"template":"","format":"standard","meta":{"footnotes":""},"categories":[1],"tags":[2,849,6],"class_list":["post-899","post","type-post","status-publish","format-standard","hentry","category-sem-categoria","tag-blog-do-edvaldo-magalhaes","tag-livro-com-panorama-hidrico-da-regiao-agreste-e-lancado-em-caruaru","tag-noticias"],"_links":{"self":[{"href":"https:\/\/blogdoedvaldomagalhaes.com.br\/index.php\/wp-json\/wp\/v2\/posts\/899","targetHints":{"allow":["GET"]}}],"collection":[{"href":"https:\/\/blogdoedvaldomagalhaes.com.br\/index.php\/wp-json\/wp\/v2\/posts"}],"about":[{"href":"https:\/\/blogdoedvaldomagalhaes.com.br\/index.php\/wp-json\/wp\/v2\/types\/post"}],"author":[{"embeddable":true,"href":"https:\/\/blogdoedvaldomagalhaes.com.br\/index.php\/wp-json\/wp\/v2\/users\/1"}],"replies":[{"embeddable":true,"href":"https:\/\/blogdoedvaldomagalhaes.com.br\/index.php\/wp-json\/wp\/v2\/comments?post=899"}],"version-history":[{"count":1,"href":"https:\/\/blogdoedvaldomagalhaes.com.br\/index.php\/wp-json\/wp\/v2\/posts\/899\/revisions"}],"predecessor-version":[{"id":35257,"href":"https:\/\/blogdoedvaldomagalhaes.com.br\/index.php\/wp-json\/wp\/v2\/posts\/899\/revisions\/35257"}],"wp:attachment":[{"href":"https:\/\/blogdoedvaldomagalhaes.com.br\/index.php\/wp-json\/wp\/v2\/media?parent=899"}],"wp:term":[{"taxonomy":"category","embeddable":true,"href":"https:\/\/blogdoedvaldomagalhaes.com.br\/index.php\/wp-json\/wp\/v2\/categories?post=899"},{"taxonomy":"post_tag","embeddable":true,"href":"https:\/\/blogdoedvaldomagalhaes.com.br\/index.php\/wp-json\/wp\/v2\/tags?post=899"}],"curies":[{"name":"wp","href":"https:\/\/api.w.org\/{rel}","templated":true}]}}