{"id":89888,"date":"2022-11-14T08:26:23","date_gmt":"2022-11-14T11:26:23","guid":{"rendered":"https:\/\/blogdoedvaldomagalhaes.com.br\/?p=89888"},"modified":"2022-11-14T16:23:54","modified_gmt":"2022-11-14T19:23:54","slug":"sargento-do-bepi-e-assassinado-em-caruaru-assassino-mulher-e-cunhado-morrem-em-troca-de-tiros-com-a-policia","status":"publish","type":"post","link":"https:\/\/blogdoedvaldomagalhaes.com.br\/index.php\/2022\/11\/14\/sargento-do-bepi-e-assassinado-em-caruaru-assassino-mulher-e-cunhado-morrem-em-troca-de-tiros-com-a-policia\/","title":{"rendered":"Sargento do BEPI \u00e9 assassinado em Caruaru; Assassino, mulher e cunhado morrem em troca de tiros com a pol\u00edcia"},"content":{"rendered":"<p style=\"text-align: justify;\">O sargento do BEPI, Edmilson Barbosa J\u00fanior, 51 anos, foi baleado neste domingo (13), na rua Marinalva Alves da Silva, em Lagoa de Pedra, zona rural de Caruaru, e morreu na UPA do bairro Boa Vista. O assassino, ex-presidi\u00e1rio S\u00e9rgio Remo Carneiro da Silva, 50 anos,&nbsp; <span style=\"font-size: revert; color: initial;\">conseguiu fugir junto com a companheira Zilda Luana de Fran\u00e7a, de 27 anos e o irm\u00e3o dela Lu\u00eds Henrique de Fran\u00e7a, de 31 anos, eles estavam em um ve\u00edculo Parati, quando no munic\u00edpio de Panelas, foram avistados por militares do BEPI, receberam ordem de parada e come\u00e7aram atirar.<\/span><span style=\"font-size: revert; color: initial;\"> O BEPI reagiu e na troca tiros o trio foi alvejado, sendo socorrido e morrendo no hospital local. A pol\u00edcia encontrou dentro da Parati dois rev\u00f3lveres calibre 38, uma espingarda calibre 20, celulares e uma quantia em dinheiro.<\/span><\/p>\n<p style=\"text-align: justify;\">Os corpos foram encaminhados para o Instituto de Medicina Legal (IML) de Caruaru.<\/p>\n\n\n<figure class=\"wp-block-image size-large\"><img loading=\"lazy\" decoding=\"async\" width=\"717\" height=\"1024\" src=\"https:\/\/blogdoedvaldomagalhaes.com.br\/wp-content\/uploads\/2022\/11\/IMG-20221113-WA01022-717x1024.jpg\" alt=\"\" class=\"wp-image-89893\" srcset=\"https:\/\/blogdoedvaldomagalhaes.com.br\/wp-content\/uploads\/2022\/11\/IMG-20221113-WA01022-717x1024.jpg 717w, https:\/\/blogdoedvaldomagalhaes.com.br\/wp-content\/uploads\/2022\/11\/IMG-20221113-WA01022-210x300.jpg 210w, https:\/\/blogdoedvaldomagalhaes.com.br\/wp-content\/uploads\/2022\/11\/IMG-20221113-WA01022.jpg 720w\" sizes=\"auto, (max-width: 717px) 100vw, 717px\" \/><figcaption>Sargento Edmilson Barbosa J\u00fanior<\/figcaption><\/figure>\n\n\n\n<figure class=\"wp-block-image size-full is-resized\"><img loading=\"lazy\" decoding=\"async\" src=\"https:\/\/blogdoedvaldomagalhaes.com.br\/wp-content\/uploads\/2022\/11\/IMG-20221114-WA0054.jpg\" alt=\"\" class=\"wp-image-89908\" width=\"354\" height=\"456\" srcset=\"https:\/\/blogdoedvaldomagalhaes.com.br\/wp-content\/uploads\/2022\/11\/IMG-20221114-WA0054.jpg 774w, https:\/\/blogdoedvaldomagalhaes.com.br\/wp-content\/uploads\/2022\/11\/IMG-20221114-WA0054-232x300.jpg 232w, https:\/\/blogdoedvaldomagalhaes.com.br\/wp-content\/uploads\/2022\/11\/IMG-20221114-WA0054-768x992.jpg 768w\" sizes=\"auto, (max-width: 354px) 100vw, 354px\" \/><figcaption>S\u00e9rgio Remo e Zilda Luana <\/figcaption><\/figure>\n\n\n\n<figure class=\"wp-block-image size-large\"><img loading=\"lazy\" decoding=\"async\" width=\"975\" height=\"1024\" src=\"https:\/\/blogdoedvaldomagalhaes.com.br\/wp-content\/uploads\/2022\/11\/IMG-20221114-WA0100-975x1024.jpg\" alt=\"\" class=\"wp-image-89911\" srcset=\"https:\/\/blogdoedvaldomagalhaes.com.br\/wp-content\/uploads\/2022\/11\/IMG-20221114-WA0100-975x1024.jpg 975w, https:\/\/blogdoedvaldomagalhaes.com.br\/wp-content\/uploads\/2022\/11\/IMG-20221114-WA0100-286x300.jpg 286w, https:\/\/blogdoedvaldomagalhaes.com.br\/wp-content\/uploads\/2022\/11\/IMG-20221114-WA0100-768x807.jpg 768w, https:\/\/blogdoedvaldomagalhaes.com.br\/wp-content\/uploads\/2022\/11\/IMG-20221114-WA0100-1462x1536.jpg 1462w, https:\/\/blogdoedvaldomagalhaes.com.br\/wp-content\/uploads\/2022\/11\/IMG-20221114-WA0100-1950x2048.jpg 1950w\" sizes=\"auto, (max-width: 975px) 100vw, 975px\" \/><figcaption>Fotos de Luis Henrique, Luana e S\u00e9rgio<\/figcaption><\/figure>\n","protected":false},"excerpt":{"rendered":"<p>O sargento do BEPI, Edmilson Barbosa J\u00fanior, 51 anos, foi baleado neste domingo (13), na rua Marinalva Alves da Silva,&hellip;<\/p>\n","protected":false},"author":1,"featured_media":89889,"comment_status":"closed","ping_status":"open","sticky":false,"template":"","format":"standard","meta":{"footnotes":""},"categories":[14121],"tags":[2,19532,3406,5448,26058],"class_list":["post-89888","post","type-post","status-publish","format-standard","has-post-thumbnail","hentry","category-policial","tag-blog-do-edvaldo-magalhaes","tag-blog-mais-acessado-e-visualizado-de-caruaru-e-regiao","tag-caruaru","tag-homicidio","tag-sargento-do-bepi-e-assassinado-em-caruaru-assassino-mulher-e-cunhado-morrem-em-troca-de-tiros-com-a-policia"],"_links":{"self":[{"href":"https:\/\/blogdoedvaldomagalhaes.com.br\/index.php\/wp-json\/wp\/v2\/posts\/89888","targetHints":{"allow":["GET"]}}],"collection":[{"href":"https:\/\/blogdoedvaldomagalhaes.com.br\/index.php\/wp-json\/wp\/v2\/posts"}],"about":[{"href":"https:\/\/blogdoedvaldomagalhaes.com.br\/index.php\/wp-json\/wp\/v2\/types\/post"}],"author":[{"embeddable":true,"href":"https:\/\/blogdoedvaldomagalhaes.com.br\/index.php\/wp-json\/wp\/v2\/users\/1"}],"replies":[{"embeddable":true,"href":"https:\/\/blogdoedvaldomagalhaes.com.br\/index.php\/wp-json\/wp\/v2\/comments?post=89888"}],"version-history":[{"count":8,"href":"https:\/\/blogdoedvaldomagalhaes.com.br\/index.php\/wp-json\/wp\/v2\/posts\/89888\/revisions"}],"predecessor-version":[{"id":89913,"href":"https:\/\/blogdoedvaldomagalhaes.com.br\/index.php\/wp-json\/wp\/v2\/posts\/89888\/revisions\/89913"}],"wp:featuredmedia":[{"embeddable":true,"href":"https:\/\/blogdoedvaldomagalhaes.com.br\/index.php\/wp-json\/wp\/v2\/media\/89889"}],"wp:attachment":[{"href":"https:\/\/blogdoedvaldomagalhaes.com.br\/index.php\/wp-json\/wp\/v2\/media?parent=89888"}],"wp:term":[{"taxonomy":"category","embeddable":true,"href":"https:\/\/blogdoedvaldomagalhaes.com.br\/index.php\/wp-json\/wp\/v2\/categories?post=89888"},{"taxonomy":"post_tag","embeddable":true,"href":"https:\/\/blogdoedvaldomagalhaes.com.br\/index.php\/wp-json\/wp\/v2\/tags?post=89888"}],"curies":[{"name":"wp","href":"https:\/\/api.w.org\/{rel}","templated":true}]}}