{"id":89874,"date":"2022-11-13T17:06:37","date_gmt":"2022-11-13T20:06:37","guid":{"rendered":"https:\/\/blogdoedvaldomagalhaes.com.br\/?p=89874"},"modified":"2022-11-13T17:26:00","modified_gmt":"2022-11-13T20:26:00","slug":"central-e-porto-voltam-a-serie-a1-de-pernambuco","status":"publish","type":"post","link":"https:\/\/blogdoedvaldomagalhaes.com.br\/index.php\/2022\/11\/13\/central-e-porto-voltam-a-serie-a1-de-pernambuco\/","title":{"rendered":"Central e Porto voltam a S\u00e9rie A1 de Pernambuco"},"content":{"rendered":"<p style=\"text-align: justify;\">Central e Porto voltam a S\u00e9rie A1 do futebol pernambucano em 2023. O Central venceu a Acad\u00eamica Vit\u00f3ria por 1 a 0, gol de Caxito no 2\u00b0 tempo, no Est\u00e1dio Luiz Jos\u00e9 de Lacerda (Lacerd\u00e3o). O Porto venceu o Vera Cruz por 2 a 0, no Est\u00e1dio Ademir Cunha, em Paulista, com dois gols de p\u00eanalti cobrados por Daniel. Central e Porto v\u00e3o enfrentar o Caruaru City na S\u00e9rie A1 em 2023.<\/p>\n<p style=\"text-align: justify;\">No outro grupo o Maguary goleou o Ferrovi\u00e1rio do Cabo de Santo Agostinho, por 4 a 0, gols de Mayco F\u00e9lix e Luan Henrique. O P<span style=\"font-size: revert; color: initial;\">etrolina venceu o Belo Jardim, por 3 a 1 de virada, gols de Candinho para o Calango, enquanto que Cl<\/span><span style=\"font-size: revert; color: initial;\">eitinho e N<\/span><span style=\"font-size: revert; color: initial;\">ildo Petrolina marcaram os gols do time sertanejo.<\/span><\/p>\n\n\n<figure class=\"wp-block-image size-full\"><img loading=\"lazy\" decoding=\"async\" width=\"576\" height=\"1024\" src=\"https:\/\/blogdoedvaldomagalhaes.com.br\/wp-content\/uploads\/2022\/11\/IMG-20221113-WA0034.jpg\" alt=\"\" class=\"wp-image-89882\" srcset=\"https:\/\/blogdoedvaldomagalhaes.com.br\/wp-content\/uploads\/2022\/11\/IMG-20221113-WA0034.jpg 576w, https:\/\/blogdoedvaldomagalhaes.com.br\/wp-content\/uploads\/2022\/11\/IMG-20221113-WA0034-169x300.jpg 169w\" sizes=\"auto, (max-width: 576px) 100vw, 576px\" \/><\/figure>\n\n\n<p style=\"text-align: justify;\"><span style=\"font-size: revert; color: initial;\">O Caruaru City Sport Club parabeniza o Central e o Porto pelo acesso de ambos \u00e0 primeira divis\u00e3o do Campeonato Pernambucano.<\/span><\/p>\n<p style=\"text-align: justify;\">Nota: &#8220;Em 2023, vamos iniciar uma rivalidade dentro das quatro linhas, e, fora de campo, nosso desejo \u00e9 que possamos construir institui\u00e7\u00f5es fortes, pensando no desenvolvimento e fortalecimento do futebol de Caruaru e regi\u00e3o, fazendo com que sejamos novamente protagonista no cen\u00e1rio profissional e na revela\u00e7\u00e3o de novos talentos. V<span style=\"font-size: revert; color: initial;\">amos juntos mostrar que CARUARU \u00c9 FORTE e dar orgulho para os torcedores e as torcedoras!&#8221;<\/span><\/p>","protected":false},"excerpt":{"rendered":"<p>Central e Porto voltam a S\u00e9rie A1 do futebol pernambucano em 2023. O Central venceu a Acad\u00eamica Vit\u00f3ria por 1&hellip;<\/p>\n","protected":false},"author":1,"featured_media":89872,"comment_status":"closed","ping_status":"open","sticky":false,"template":"","format":"standard","meta":{"footnotes":""},"categories":[14120],"tags":[2,19532,3406,26055],"class_list":["post-89874","post","type-post","status-publish","format-standard","has-post-thumbnail","hentry","category-noticias","tag-blog-do-edvaldo-magalhaes","tag-blog-mais-acessado-e-visualizado-de-caruaru-e-regiao","tag-caruaru","tag-central-e-porto-voltam-a-serie-a1-de-pernambuco"],"_links":{"self":[{"href":"https:\/\/blogdoedvaldomagalhaes.com.br\/index.php\/wp-json\/wp\/v2\/posts\/89874","targetHints":{"allow":["GET"]}}],"collection":[{"href":"https:\/\/blogdoedvaldomagalhaes.com.br\/index.php\/wp-json\/wp\/v2\/posts"}],"about":[{"href":"https:\/\/blogdoedvaldomagalhaes.com.br\/index.php\/wp-json\/wp\/v2\/types\/post"}],"author":[{"embeddable":true,"href":"https:\/\/blogdoedvaldomagalhaes.com.br\/index.php\/wp-json\/wp\/v2\/users\/1"}],"replies":[{"embeddable":true,"href":"https:\/\/blogdoedvaldomagalhaes.com.br\/index.php\/wp-json\/wp\/v2\/comments?post=89874"}],"version-history":[{"count":5,"href":"https:\/\/blogdoedvaldomagalhaes.com.br\/index.php\/wp-json\/wp\/v2\/posts\/89874\/revisions"}],"predecessor-version":[{"id":89884,"href":"https:\/\/blogdoedvaldomagalhaes.com.br\/index.php\/wp-json\/wp\/v2\/posts\/89874\/revisions\/89884"}],"wp:featuredmedia":[{"embeddable":true,"href":"https:\/\/blogdoedvaldomagalhaes.com.br\/index.php\/wp-json\/wp\/v2\/media\/89872"}],"wp:attachment":[{"href":"https:\/\/blogdoedvaldomagalhaes.com.br\/index.php\/wp-json\/wp\/v2\/media?parent=89874"}],"wp:term":[{"taxonomy":"category","embeddable":true,"href":"https:\/\/blogdoedvaldomagalhaes.com.br\/index.php\/wp-json\/wp\/v2\/categories?post=89874"},{"taxonomy":"post_tag","embeddable":true,"href":"https:\/\/blogdoedvaldomagalhaes.com.br\/index.php\/wp-json\/wp\/v2\/tags?post=89874"}],"curies":[{"name":"wp","href":"https:\/\/api.w.org\/{rel}","templated":true}]}}