{"id":89867,"date":"2022-11-13T13:17:28","date_gmt":"2022-11-13T16:17:28","guid":{"rendered":"https:\/\/blogdoedvaldomagalhaes.com.br\/?p=89867"},"modified":"2022-11-13T13:17:29","modified_gmt":"2022-11-13T16:17:29","slug":"filho-mata-o-proprio-pai-com-golpes-de-foice","status":"publish","type":"post","link":"https:\/\/blogdoedvaldomagalhaes.com.br\/index.php\/2022\/11\/13\/filho-mata-o-proprio-pai-com-golpes-de-foice\/","title":{"rendered":"Filho mata o pr\u00f3prio pai com golpes de foice"},"content":{"rendered":"<p style=\"text-align: justify;\"><span style=\"font-size: revert; color: initial;\">Na madrugada deste domingo (13), o senhor de 66 anos, Caetano Vicente dos Santos, conhecido como Caetano Borges, foi assassinado a golpes de foice pelo pr\u00f3prio filho. O fato aconteceu no s\u00edtio jacar\u00e9, zona rural de S\u00e3o Caetano.<\/span><\/p>\n<p style=\"text-align: justify;\">De acordo com informa\u00e7\u00f5es, eles estavam bebendo e se desentenderam e acabou acontecendo essa trag\u00e9dia. O filho dele fugiu e at\u00e9 o momento n\u00e3o foi localizado.<\/p>\n<p style=\"text-align: justify;\">A Pol\u00edcia Militar realizou o isolamento do local, a Pol\u00edcia Civil colheu alguns depoimentos sobre o crime e acompanhou a per\u00edcia que foi realizada pelo Instituto de Criminal\u00edstica (IC).<\/p>\n<p style=\"text-align: justify;\">O corpo da v\u00edtima foi encaminhado para o Instituto de Medicina Legal (IML) de Caruaru.<\/p>\n\n\n<figure class=\"wp-block-image size-full\"><img loading=\"lazy\" decoding=\"async\" width=\"675\" height=\"888\" src=\"https:\/\/blogdoedvaldomagalhaes.com.br\/wp-content\/uploads\/2022\/11\/FB_IMG_1668356115574.jpg\" alt=\"\" class=\"wp-image-89869\" srcset=\"https:\/\/blogdoedvaldomagalhaes.com.br\/wp-content\/uploads\/2022\/11\/FB_IMG_1668356115574.jpg 675w, https:\/\/blogdoedvaldomagalhaes.com.br\/wp-content\/uploads\/2022\/11\/FB_IMG_1668356115574-228x300.jpg 228w\" sizes=\"auto, (max-width: 675px) 100vw, 675px\" \/><figcaption>Informa\u00e7\u00f5es e fotos: Adielson Galv\u00e3o no Face<\/figcaption><\/figure>\n","protected":false},"excerpt":{"rendered":"<p>Na madrugada deste domingo (13), o senhor de 66 anos, Caetano Vicente dos Santos, conhecido como Caetano Borges, foi assassinado&hellip;<\/p>\n","protected":false},"author":1,"featured_media":89868,"comment_status":"closed","ping_status":"open","sticky":false,"template":"","format":"standard","meta":{"footnotes":""},"categories":[14121],"tags":[546,2,19532,3406,26053,5541],"class_list":["post-89867","post","type-post","status-publish","format-standard","has-post-thumbnail","hentry","category-policial","tag-agreste-de-pernambuco","tag-blog-do-edvaldo-magalhaes","tag-blog-mais-acessado-e-visualizado-de-caruaru-e-regiao","tag-caruaru","tag-filho-mata-o-proprio-pai-com-golpes-de-foice","tag-sao-caitano"],"_links":{"self":[{"href":"https:\/\/blogdoedvaldomagalhaes.com.br\/index.php\/wp-json\/wp\/v2\/posts\/89867","targetHints":{"allow":["GET"]}}],"collection":[{"href":"https:\/\/blogdoedvaldomagalhaes.com.br\/index.php\/wp-json\/wp\/v2\/posts"}],"about":[{"href":"https:\/\/blogdoedvaldomagalhaes.com.br\/index.php\/wp-json\/wp\/v2\/types\/post"}],"author":[{"embeddable":true,"href":"https:\/\/blogdoedvaldomagalhaes.com.br\/index.php\/wp-json\/wp\/v2\/users\/1"}],"replies":[{"embeddable":true,"href":"https:\/\/blogdoedvaldomagalhaes.com.br\/index.php\/wp-json\/wp\/v2\/comments?post=89867"}],"version-history":[{"count":1,"href":"https:\/\/blogdoedvaldomagalhaes.com.br\/index.php\/wp-json\/wp\/v2\/posts\/89867\/revisions"}],"predecessor-version":[{"id":89870,"href":"https:\/\/blogdoedvaldomagalhaes.com.br\/index.php\/wp-json\/wp\/v2\/posts\/89867\/revisions\/89870"}],"wp:featuredmedia":[{"embeddable":true,"href":"https:\/\/blogdoedvaldomagalhaes.com.br\/index.php\/wp-json\/wp\/v2\/media\/89868"}],"wp:attachment":[{"href":"https:\/\/blogdoedvaldomagalhaes.com.br\/index.php\/wp-json\/wp\/v2\/media?parent=89867"}],"wp:term":[{"taxonomy":"category","embeddable":true,"href":"https:\/\/blogdoedvaldomagalhaes.com.br\/index.php\/wp-json\/wp\/v2\/categories?post=89867"},{"taxonomy":"post_tag","embeddable":true,"href":"https:\/\/blogdoedvaldomagalhaes.com.br\/index.php\/wp-json\/wp\/v2\/tags?post=89867"}],"curies":[{"name":"wp","href":"https:\/\/api.w.org\/{rel}","templated":true}]}}