{"id":89862,"date":"2022-11-13T13:02:20","date_gmt":"2022-11-13T16:02:20","guid":{"rendered":"https:\/\/blogdoedvaldomagalhaes.com.br\/?p=89862"},"modified":"2022-11-13T13:02:22","modified_gmt":"2022-11-13T16:02:22","slug":"vitimas-de-sequestro-sao-resgatadas-pela-guarda-municipal-de-caruaru","status":"publish","type":"post","link":"https:\/\/blogdoedvaldomagalhaes.com.br\/index.php\/2022\/11\/13\/vitimas-de-sequestro-sao-resgatadas-pela-guarda-municipal-de-caruaru\/","title":{"rendered":"V\u00edtimas de sequestro s\u00e3o resgatadas pela Guarda Municipal de Caruaru"},"content":{"rendered":"<p style=\"text-align: justify;\"><span style=\"font-size: revert; color: initial;\">Na tarde desse s\u00e1bado (12), a Guarda Municipal de Caruaru (GM) recebeu informa\u00e7\u00f5es da GM de Brejo da Madre de Deus, que um veiculo Toyota Bandeirantes havia sido tomado de assalto, repassando algumas informa\u00e7\u00f5es da localiza\u00e7\u00e3o do fato.<\/span><\/p>\n<p style=\"text-align: justify;\">A GM Caruaru ao chegar no local, encontrou o pai do toyoteiro, que afirmou que seu filho teria sido levado como ref\u00e9m junto com a mercadoria que estava sendo encaminhada para Santa Cruz do Capibaribe. Precisando ampliar o campo de busca, mais GMs foram convocados para essa ocorr\u00eancia.<\/p>\n<p style=\"text-align: justify;\">Durante as buscas pelo ref\u00e9m, foi encontrado abandonado um carro e uma moto em uma estrada deserta, os condutores haviam sido surpreendidos pelos suspeitos e, para que n\u00e3o os denunciassem, foram feitos de ref\u00e9m tamb\u00e9m, totalizando em cinco pessoas.<\/p>\n<p style=\"text-align: justify;\">As equipes da GM continuavam em campo em busca das v\u00edtimas e conseguiram resgat\u00e1-las. Todos os ve\u00edculos e as v\u00edtimas foram conduzidas \u00e0 Delegacia Regional de Plant\u00e3o para serem tomadas as medidas cab\u00edveis.<\/p>\n\n\n<figure class=\"wp-block-image size-large\"><img loading=\"lazy\" decoding=\"async\" width=\"769\" height=\"1024\" src=\"https:\/\/blogdoedvaldomagalhaes.com.br\/wp-content\/uploads\/2022\/11\/IMG-20221113-WA0021-769x1024.jpg\" alt=\"\" class=\"wp-image-89864\" srcset=\"https:\/\/blogdoedvaldomagalhaes.com.br\/wp-content\/uploads\/2022\/11\/IMG-20221113-WA0021-769x1024.jpg 769w, https:\/\/blogdoedvaldomagalhaes.com.br\/wp-content\/uploads\/2022\/11\/IMG-20221113-WA0021-225x300.jpg 225w, https:\/\/blogdoedvaldomagalhaes.com.br\/wp-content\/uploads\/2022\/11\/IMG-20221113-WA0021-768x1023.jpg 768w, https:\/\/blogdoedvaldomagalhaes.com.br\/wp-content\/uploads\/2022\/11\/IMG-20221113-WA0021.jpg 961w\" sizes=\"auto, (max-width: 769px) 100vw, 769px\" \/><\/figure>\n\n\n\n<figure class=\"wp-block-image size-large\"><img loading=\"lazy\" decoding=\"async\" width=\"1024\" height=\"768\" src=\"https:\/\/blogdoedvaldomagalhaes.com.br\/wp-content\/uploads\/2022\/11\/IMG-20221113-WA0022-1024x768.jpg\" alt=\"\" class=\"wp-image-89865\" srcset=\"https:\/\/blogdoedvaldomagalhaes.com.br\/wp-content\/uploads\/2022\/11\/IMG-20221113-WA0022-1024x768.jpg 1024w, https:\/\/blogdoedvaldomagalhaes.com.br\/wp-content\/uploads\/2022\/11\/IMG-20221113-WA0022-300x225.jpg 300w, https:\/\/blogdoedvaldomagalhaes.com.br\/wp-content\/uploads\/2022\/11\/IMG-20221113-WA0022-768x576.jpg 768w, https:\/\/blogdoedvaldomagalhaes.com.br\/wp-content\/uploads\/2022\/11\/IMG-20221113-WA0022-160x120.jpg 160w, https:\/\/blogdoedvaldomagalhaes.com.br\/wp-content\/uploads\/2022\/11\/IMG-20221113-WA0022.jpg 1280w\" sizes=\"auto, (max-width: 1024px) 100vw, 1024px\" \/><figcaption>Fotos: Divulga\u00e7\u00e3o<\/figcaption><\/figure>\n","protected":false},"excerpt":{"rendered":"<p>Na tarde desse s\u00e1bado (12), a Guarda Municipal de Caruaru (GM) recebeu informa\u00e7\u00f5es da GM de Brejo da Madre de&hellip;<\/p>\n","protected":false},"author":1,"featured_media":89863,"comment_status":"closed","ping_status":"open","sticky":false,"template":"","format":"standard","meta":{"footnotes":""},"categories":[14120],"tags":[2,19532,3406,26052],"class_list":["post-89862","post","type-post","status-publish","format-standard","has-post-thumbnail","hentry","category-noticias","tag-blog-do-edvaldo-magalhaes","tag-blog-mais-acessado-e-visualizado-de-caruaru-e-regiao","tag-caruaru","tag-vitimas-de-sequestro-sao-resgatadas-pela-guarda-municipal-de-caruaru"],"_links":{"self":[{"href":"https:\/\/blogdoedvaldomagalhaes.com.br\/index.php\/wp-json\/wp\/v2\/posts\/89862","targetHints":{"allow":["GET"]}}],"collection":[{"href":"https:\/\/blogdoedvaldomagalhaes.com.br\/index.php\/wp-json\/wp\/v2\/posts"}],"about":[{"href":"https:\/\/blogdoedvaldomagalhaes.com.br\/index.php\/wp-json\/wp\/v2\/types\/post"}],"author":[{"embeddable":true,"href":"https:\/\/blogdoedvaldomagalhaes.com.br\/index.php\/wp-json\/wp\/v2\/users\/1"}],"replies":[{"embeddable":true,"href":"https:\/\/blogdoedvaldomagalhaes.com.br\/index.php\/wp-json\/wp\/v2\/comments?post=89862"}],"version-history":[{"count":1,"href":"https:\/\/blogdoedvaldomagalhaes.com.br\/index.php\/wp-json\/wp\/v2\/posts\/89862\/revisions"}],"predecessor-version":[{"id":89866,"href":"https:\/\/blogdoedvaldomagalhaes.com.br\/index.php\/wp-json\/wp\/v2\/posts\/89862\/revisions\/89866"}],"wp:featuredmedia":[{"embeddable":true,"href":"https:\/\/blogdoedvaldomagalhaes.com.br\/index.php\/wp-json\/wp\/v2\/media\/89863"}],"wp:attachment":[{"href":"https:\/\/blogdoedvaldomagalhaes.com.br\/index.php\/wp-json\/wp\/v2\/media?parent=89862"}],"wp:term":[{"taxonomy":"category","embeddable":true,"href":"https:\/\/blogdoedvaldomagalhaes.com.br\/index.php\/wp-json\/wp\/v2\/categories?post=89862"},{"taxonomy":"post_tag","embeddable":true,"href":"https:\/\/blogdoedvaldomagalhaes.com.br\/index.php\/wp-json\/wp\/v2\/tags?post=89862"}],"curies":[{"name":"wp","href":"https:\/\/api.w.org\/{rel}","templated":true}]}}