{"id":89859,"date":"2022-11-13T12:44:45","date_gmt":"2022-11-13T15:44:45","guid":{"rendered":"https:\/\/blogdoedvaldomagalhaes.com.br\/?p=89859"},"modified":"2022-11-13T12:44:46","modified_gmt":"2022-11-13T15:44:46","slug":"prf-orienta-motoristas-quanto-as-rotas-alternativas-ao-transito-pela-br-232-no-recife","status":"publish","type":"post","link":"https:\/\/blogdoedvaldomagalhaes.com.br\/index.php\/2022\/11\/13\/prf-orienta-motoristas-quanto-as-rotas-alternativas-ao-transito-pela-br-232-no-recife\/","title":{"rendered":"PRF orienta motoristas quanto \u00e0s rotas alternativas ao tr\u00e2nsito pela BR-232, no Recife"},"content":{"rendered":"<p style=\"text-align: justify;\"><span style=\"font-size: revert; color: initial;\">A PRF informa que neste domingo (13) o fluxo na BR-232, entrada e sa\u00edda da capital, segue lento em raz\u00e3o das obras de triplica\u00e7\u00e3o. Com a aproxima\u00e7\u00e3o do feriado e especialmente neste domingo, quando ser\u00e1 realizado o ENEM, vale ficar atento \u00e0s rotas alternativas.<\/span><\/p>\n<p style=\"text-align: justify;\">A BR-232 liga a capital pernambucana a munic\u00edpios do Agreste e do Sert\u00e3o. Tamb\u00e9m d\u00e1 acesso \u00e0 BR-408, que leva \u00e0 Arena de Pernambuco e a alguns munic\u00edpios da Zona da Mata. Em raz\u00e3o dessa capilaridade, \u00e9 importante frisar rotas alternativas beneficiam n\u00e3o s\u00f3 os ve\u00edculos de emerg\u00eancia, mas tamb\u00e9m aqueles de cargas vivas, perec\u00edveis e insumos de primeira necessidade, como materiais hospitalares.<\/p>\n<p style=\"text-align: justify;\">Um delas \u00e9 para quem sair da Zona Sul do Recife. Esses motoristas podem pegar por Jaboat\u00e3o, indo no sentido Muribeca, Centro, at\u00e9 chegar em Santo Aleixo, transitando pela Estada da Luz e pegando a BR-232 j\u00e1 no trecho livre de obras.<\/p>\n<p style=\"text-align: justify;\">Saindo da \u00e1rea norte do Recife, o motorista pode seguir pela PE-005, em Camaragibe. Em seguida, precisa pegar o Ramal da Copa. O condutor deve continuar at\u00e9 o entroncamento com a BR-408, nas proximidades da Arena de Pernambuco. Depois, \u00e9 preciso entrar \u00e0 esquerda na via federal e continuar at\u00e9 chegar \u00e0 BR-232, pegando \u00e0 direita para continuar a viagem sentido interior.<\/p>\n<p style=\"text-align: justify;\">Uma outra dica \u00e9 seguir at\u00e9 o munic\u00edpio de Moreno passando por Jaboat\u00e3o dos Guararapes. Os motoristas que saem do Recife, por exemplo, podem acessar a Avenida Jos\u00e9 Rufino (bairros de Afogados e Areias, na Zona Oeste da capital) e seguir por Cavaleiro, at\u00e9 chegar em Jaboat\u00e3o Centro. De l\u00e1 \u00e9 s\u00f3 seguir pela Av. Adelina Lacerda Beltr\u00e3o at\u00e9 Moreno. Foto: Divulga\u00e7\u00e3o\/PRF.<\/p>\n<p style=\"text-align: justify;\">Siga o Instagram @blogdoedvaldomagalhaes<\/p>\n<p style=\"text-align: justify;\">Se inscreva no canal do Blog no YouTube.<\/p>\n","protected":false},"excerpt":{"rendered":"<p>A PRF informa que neste domingo (13) o fluxo na BR-232, entrada e sa\u00edda da capital, segue lento em raz\u00e3o&hellip;<\/p>\n","protected":false},"author":1,"featured_media":89860,"comment_status":"closed","ping_status":"open","sticky":false,"template":"","format":"standard","meta":{"footnotes":""},"categories":[14120],"tags":[2,19532,3406,26051],"class_list":["post-89859","post","type-post","status-publish","format-standard","has-post-thumbnail","hentry","category-noticias","tag-blog-do-edvaldo-magalhaes","tag-blog-mais-acessado-e-visualizado-de-caruaru-e-regiao","tag-caruaru","tag-prf-orienta-motoristas-quanto-as-rotas-alternativas-ao-transito-pela-br-232-no-recife"],"_links":{"self":[{"href":"https:\/\/blogdoedvaldomagalhaes.com.br\/index.php\/wp-json\/wp\/v2\/posts\/89859","targetHints":{"allow":["GET"]}}],"collection":[{"href":"https:\/\/blogdoedvaldomagalhaes.com.br\/index.php\/wp-json\/wp\/v2\/posts"}],"about":[{"href":"https:\/\/blogdoedvaldomagalhaes.com.br\/index.php\/wp-json\/wp\/v2\/types\/post"}],"author":[{"embeddable":true,"href":"https:\/\/blogdoedvaldomagalhaes.com.br\/index.php\/wp-json\/wp\/v2\/users\/1"}],"replies":[{"embeddable":true,"href":"https:\/\/blogdoedvaldomagalhaes.com.br\/index.php\/wp-json\/wp\/v2\/comments?post=89859"}],"version-history":[{"count":1,"href":"https:\/\/blogdoedvaldomagalhaes.com.br\/index.php\/wp-json\/wp\/v2\/posts\/89859\/revisions"}],"predecessor-version":[{"id":89861,"href":"https:\/\/blogdoedvaldomagalhaes.com.br\/index.php\/wp-json\/wp\/v2\/posts\/89859\/revisions\/89861"}],"wp:featuredmedia":[{"embeddable":true,"href":"https:\/\/blogdoedvaldomagalhaes.com.br\/index.php\/wp-json\/wp\/v2\/media\/89860"}],"wp:attachment":[{"href":"https:\/\/blogdoedvaldomagalhaes.com.br\/index.php\/wp-json\/wp\/v2\/media?parent=89859"}],"wp:term":[{"taxonomy":"category","embeddable":true,"href":"https:\/\/blogdoedvaldomagalhaes.com.br\/index.php\/wp-json\/wp\/v2\/categories?post=89859"},{"taxonomy":"post_tag","embeddable":true,"href":"https:\/\/blogdoedvaldomagalhaes.com.br\/index.php\/wp-json\/wp\/v2\/tags?post=89859"}],"curies":[{"name":"wp","href":"https:\/\/api.w.org\/{rel}","templated":true}]}}