{"id":89850,"date":"2022-11-12T20:13:34","date_gmt":"2022-11-12T23:13:34","guid":{"rendered":"https:\/\/blogdoedvaldomagalhaes.com.br\/?p=89850"},"modified":"2022-11-12T20:13:35","modified_gmt":"2022-11-12T23:13:35","slug":"apos-se-envolver-em-colisao-motorista-embriagado-atinge-parabrisa-de-caminhonete-com-machado","status":"publish","type":"post","link":"https:\/\/blogdoedvaldomagalhaes.com.br\/index.php\/2022\/11\/12\/apos-se-envolver-em-colisao-motorista-embriagado-atinge-parabrisa-de-caminhonete-com-machado\/","title":{"rendered":"Ap\u00f3s se envolver em colis\u00e3o, motorista embriagado atinge parabrisa de caminhonete com machado"},"content":{"rendered":"<p style=\"text-align: justify;\"><span style=\"color: initial; font-size: revert;\">Um motorista que estava sob efeito de \u00e1lcool usou um machado para danificar o parabrisa de uma caminhonete, na manh\u00e3 deste s\u00e1bado (12). Ap\u00f3s realizar o teste do baf\u00f4metro, o homem foi detido pela Pol\u00edcia Rodovi\u00e1ria Federal (PRF), na BR 101, em Igarassu, no Grande Recife.<\/span><\/p>\n<p style=\"text-align: justify;\">Por volta das 6h30 a PRF foi acionada para atender uma colis\u00e3o traseira de um carro em uma caminhonete, no Km 46 da rodovia. Ao chegar no local, a equipe encontrou o motorista do carro bastante agressivo e o parabrisa da caminhonete danificado.<\/p>\n<p style=\"text-align: justify;\">Ap\u00f3s se acalmar, o motorista realizou o teste do baf\u00f4metro cujo resultado foi de 0,82mg\/l, que configura crime de tr\u00e2nsito.<\/p>\n<p style=\"text-align: justify;\">O homem apresentava ferimentos leves e foi encaminhado \u00e0 Unidade de Pronto Atendimento (UPA) de Paulista. Ap\u00f3s atendimento, ele foi conduzido \u00e0 Delegacia de Pol\u00edcia Civil de Paulista e autuado por embriaguez ao volante.<\/p>\n<p style=\"text-align: justify;\">Siga o Instagram @blogdoedvaldomagalhaes<\/p>\n<p style=\"text-align: justify;\">Se inscreva no canal do Blog no YouTube.<\/p>\n\n\n<figure class=\"wp-block-image size-large\"><img loading=\"lazy\" decoding=\"async\" width=\"1024\" height=\"576\" src=\"https:\/\/blogdoedvaldomagalhaes.com.br\/wp-content\/uploads\/2022\/11\/IMG-20221112-WA0015-1024x576.jpg\" alt=\"\" class=\"wp-image-89852\" srcset=\"https:\/\/blogdoedvaldomagalhaes.com.br\/wp-content\/uploads\/2022\/11\/IMG-20221112-WA0015-1024x576.jpg 1024w, https:\/\/blogdoedvaldomagalhaes.com.br\/wp-content\/uploads\/2022\/11\/IMG-20221112-WA0015-300x169.jpg 300w, https:\/\/blogdoedvaldomagalhaes.com.br\/wp-content\/uploads\/2022\/11\/IMG-20221112-WA0015-768x432.jpg 768w, https:\/\/blogdoedvaldomagalhaes.com.br\/wp-content\/uploads\/2022\/11\/IMG-20221112-WA0015-1536x864.jpg 1536w, https:\/\/blogdoedvaldomagalhaes.com.br\/wp-content\/uploads\/2022\/11\/IMG-20221112-WA0015-1140x641.jpg 1140w, https:\/\/blogdoedvaldomagalhaes.com.br\/wp-content\/uploads\/2022\/11\/IMG-20221112-WA0015-720x405.jpg 720w, https:\/\/blogdoedvaldomagalhaes.com.br\/wp-content\/uploads\/2022\/11\/IMG-20221112-WA0015.jpg 1599w\" sizes=\"auto, (max-width: 1024px) 100vw, 1024px\" \/><figcaption>Fotos: Divulga\u00e7\u00e3o\/PRF<\/figcaption><\/figure>\n","protected":false},"excerpt":{"rendered":"<p>Um motorista que estava sob efeito de \u00e1lcool usou um machado para danificar o parabrisa de uma caminhonete, na manh\u00e3&hellip;<\/p>\n","protected":false},"author":1,"featured_media":89851,"comment_status":"closed","ping_status":"open","sticky":false,"template":"","format":"standard","meta":{"footnotes":""},"categories":[14120],"tags":[26049,2,19532,3406],"class_list":["post-89850","post","type-post","status-publish","format-standard","has-post-thumbnail","hentry","category-noticias","tag-apos-se-envolver-em-colisao-motorista-embriagado-atinge-parabrisa-de-caminhonete-com-machado","tag-blog-do-edvaldo-magalhaes","tag-blog-mais-acessado-e-visualizado-de-caruaru-e-regiao","tag-caruaru"],"_links":{"self":[{"href":"https:\/\/blogdoedvaldomagalhaes.com.br\/index.php\/wp-json\/wp\/v2\/posts\/89850","targetHints":{"allow":["GET"]}}],"collection":[{"href":"https:\/\/blogdoedvaldomagalhaes.com.br\/index.php\/wp-json\/wp\/v2\/posts"}],"about":[{"href":"https:\/\/blogdoedvaldomagalhaes.com.br\/index.php\/wp-json\/wp\/v2\/types\/post"}],"author":[{"embeddable":true,"href":"https:\/\/blogdoedvaldomagalhaes.com.br\/index.php\/wp-json\/wp\/v2\/users\/1"}],"replies":[{"embeddable":true,"href":"https:\/\/blogdoedvaldomagalhaes.com.br\/index.php\/wp-json\/wp\/v2\/comments?post=89850"}],"version-history":[{"count":1,"href":"https:\/\/blogdoedvaldomagalhaes.com.br\/index.php\/wp-json\/wp\/v2\/posts\/89850\/revisions"}],"predecessor-version":[{"id":89853,"href":"https:\/\/blogdoedvaldomagalhaes.com.br\/index.php\/wp-json\/wp\/v2\/posts\/89850\/revisions\/89853"}],"wp:featuredmedia":[{"embeddable":true,"href":"https:\/\/blogdoedvaldomagalhaes.com.br\/index.php\/wp-json\/wp\/v2\/media\/89851"}],"wp:attachment":[{"href":"https:\/\/blogdoedvaldomagalhaes.com.br\/index.php\/wp-json\/wp\/v2\/media?parent=89850"}],"wp:term":[{"taxonomy":"category","embeddable":true,"href":"https:\/\/blogdoedvaldomagalhaes.com.br\/index.php\/wp-json\/wp\/v2\/categories?post=89850"},{"taxonomy":"post_tag","embeddable":true,"href":"https:\/\/blogdoedvaldomagalhaes.com.br\/index.php\/wp-json\/wp\/v2\/tags?post=89850"}],"curies":[{"name":"wp","href":"https:\/\/api.w.org\/{rel}","templated":true}]}}