{"id":89847,"date":"2022-11-12T19:55:51","date_gmt":"2022-11-12T22:55:51","guid":{"rendered":"https:\/\/blogdoedvaldomagalhaes.com.br\/?p=89847"},"modified":"2022-11-12T19:55:53","modified_gmt":"2022-11-12T22:55:53","slug":"prf-escolta-gestante-em-trabalho-de-parto-de-toritama-ate-caruaru","status":"publish","type":"post","link":"https:\/\/blogdoedvaldomagalhaes.com.br\/index.php\/2022\/11\/12\/prf-escolta-gestante-em-trabalho-de-parto-de-toritama-ate-caruaru\/","title":{"rendered":"PRF escolta gestante em trabalho de parto de Toritama at\u00e9 Caruaru"},"content":{"rendered":"<p style=\"text-align: justify;\"><span style=\"color: initial; font-size: revert;\">Um comerciante e uma farmac\u00eautica, gr\u00e1vida de nove meses, tiveram uma surpresa na tarde deste s\u00e1bado (12). A gestante estava com uma ces\u00e1rea marcada para a ter\u00e7a-feira(15), mas entrou em trabalho de parto na cidade de Taquaritinga do Norte, no Agreste, e precisava chegar com urg\u00eancia at\u00e9 um hospital em Caruaru, para dar \u00e0 luz a Malu, a primeira filha do casal. Em meio ao congestionamento da BR 104, em Toritama, o casal encontrou uma viatura da Pol\u00edcia Rodovi\u00e1ria Federal (PRF), que ajudou nesse trajeto.<\/span><\/p>\n<p style=\"text-align: justify;\">Policiais realizavam uma fiscaliza\u00e7\u00e3o da Opera\u00e7\u00e3o Proclama\u00e7\u00e3o da Rep\u00fablica, quando o motorista de um carro pediu ajuda para abrir caminho no tr\u00e2nsito e chegar ao hospital. O condutor estava h\u00e1 20 minutos parado em um congestionamento com quatro quil\u00f4metros de extens\u00e3o, devido ao com\u00e9rcio na regi\u00e3o, e a esposa dele j\u00e1 estava com quatro cent\u00edmetros de dilata\u00e7\u00e3o.<\/p>\n<p style=\"text-align: justify;\">Prontamente, a equipe abriu caminho em meio \u00e0 fila de carros e o casal acompanhou a viatura por 37 quil\u00f4metros at\u00e9 um hospital particular, no bairro Maur\u00edcio de Nassau, em Caruaru. O carro chegou em seguran\u00e7a \u00e0 unidade de sa\u00fade e a gestante foi encaminhada para receber atendimento m\u00e9dico. Foto: Divulga\u00e7\u00e3o\/PRF.<\/p>\n<p style=\"text-align: justify;\">Siga o Instagram @blogdoedvaldomagalhaes<\/p>\n<p style=\"text-align: justify;\">Se inscreva no canal do Blog no YouTube.<\/p>\n","protected":false},"excerpt":{"rendered":"<p>Um comerciante e uma farmac\u00eautica, gr\u00e1vida de nove meses, tiveram uma surpresa na tarde deste s\u00e1bado (12). A gestante estava&hellip;<\/p>\n","protected":false},"author":1,"featured_media":89848,"comment_status":"closed","ping_status":"open","sticky":false,"template":"","format":"standard","meta":{"footnotes":""},"categories":[14120],"tags":[2,19532,3406,26048],"class_list":["post-89847","post","type-post","status-publish","format-standard","has-post-thumbnail","hentry","category-noticias","tag-blog-do-edvaldo-magalhaes","tag-blog-mais-acessado-e-visualizado-de-caruaru-e-regiao","tag-caruaru","tag-prf-escolta-gestante-em-trabalho-de-parto-de-toritama-ate-caruaru"],"_links":{"self":[{"href":"https:\/\/blogdoedvaldomagalhaes.com.br\/index.php\/wp-json\/wp\/v2\/posts\/89847","targetHints":{"allow":["GET"]}}],"collection":[{"href":"https:\/\/blogdoedvaldomagalhaes.com.br\/index.php\/wp-json\/wp\/v2\/posts"}],"about":[{"href":"https:\/\/blogdoedvaldomagalhaes.com.br\/index.php\/wp-json\/wp\/v2\/types\/post"}],"author":[{"embeddable":true,"href":"https:\/\/blogdoedvaldomagalhaes.com.br\/index.php\/wp-json\/wp\/v2\/users\/1"}],"replies":[{"embeddable":true,"href":"https:\/\/blogdoedvaldomagalhaes.com.br\/index.php\/wp-json\/wp\/v2\/comments?post=89847"}],"version-history":[{"count":1,"href":"https:\/\/blogdoedvaldomagalhaes.com.br\/index.php\/wp-json\/wp\/v2\/posts\/89847\/revisions"}],"predecessor-version":[{"id":89849,"href":"https:\/\/blogdoedvaldomagalhaes.com.br\/index.php\/wp-json\/wp\/v2\/posts\/89847\/revisions\/89849"}],"wp:featuredmedia":[{"embeddable":true,"href":"https:\/\/blogdoedvaldomagalhaes.com.br\/index.php\/wp-json\/wp\/v2\/media\/89848"}],"wp:attachment":[{"href":"https:\/\/blogdoedvaldomagalhaes.com.br\/index.php\/wp-json\/wp\/v2\/media?parent=89847"}],"wp:term":[{"taxonomy":"category","embeddable":true,"href":"https:\/\/blogdoedvaldomagalhaes.com.br\/index.php\/wp-json\/wp\/v2\/categories?post=89847"},{"taxonomy":"post_tag","embeddable":true,"href":"https:\/\/blogdoedvaldomagalhaes.com.br\/index.php\/wp-json\/wp\/v2\/tags?post=89847"}],"curies":[{"name":"wp","href":"https:\/\/api.w.org\/{rel}","templated":true}]}}