{"id":89822,"date":"2022-11-10T22:30:51","date_gmt":"2022-11-11T01:30:51","guid":{"rendered":"https:\/\/blogdoedvaldomagalhaes.com.br\/?p=89822"},"modified":"2022-11-10T22:30:53","modified_gmt":"2022-11-11T01:30:53","slug":"vereador-cabo-cardoso-cobra-melhorias-para-a-policia-militar","status":"publish","type":"post","link":"https:\/\/blogdoedvaldomagalhaes.com.br\/index.php\/2022\/11\/10\/vereador-cabo-cardoso-cobra-melhorias-para-a-policia-militar\/","title":{"rendered":"Vereador Cabo Cardoso cobra melhorias para a Policia Militar"},"content":{"rendered":"<p style=\"text-align: justify;\">Na noite desta quinta feira na c\u00e2mara municipal de Caruaru, o vereador Cabo Cardoso mais uma vez criticou o governo do estado pela falta de aten\u00e7\u00e3o com os setores da administra\u00e7\u00e3o p\u00fablica no Estado, o parlamentar chamou de governo tr\u00e1gico devido a falta de habilidade para governar por parte do estado. Ainda em sua fala o vereador cobrou melhorias para a pol\u00edcia militar de Pernambuco, &#8220;nossa pol\u00edcia militar que tem seu papel preventivo e ostensivo, a \u00faltima barreira entre o bem e o mal, est\u00e1 desaparelhada, mal paga, desmotivada, com um efetivo reduzido de quase 11 mil profissionais a menos, nossas tropas de elite a exemplo do BEPI falta equipamentos, falta treinamentos peri\u00f3dicos, o policial militar para fazer um curso para aprimorar seu empenho nas a\u00e7\u00f5es di\u00e1rias tem que pagar do pr\u00f3prio bolso porque o estado n\u00e3o arca com essa obriga\u00e7\u00e3o&#8221;. Foto: Vladimir Barreto.<\/p>\n<p style=\"text-align: justify;\">Siga o Instagram @blogdoedvaldomagalhaes<\/p>\n<p style=\"text-align: justify;\">Se inscreva no canal do Blog no YouTube.<\/p>\n","protected":false},"excerpt":{"rendered":"<p>Na noite desta quinta feira na c\u00e2mara municipal de Caruaru, o vereador Cabo Cardoso mais uma vez criticou o governo&hellip;<\/p>\n","protected":false},"author":1,"featured_media":89823,"comment_status":"closed","ping_status":"open","sticky":false,"template":"","format":"standard","meta":{"footnotes":""},"categories":[14122],"tags":[2,19532,3406,20,26041],"class_list":["post-89822","post","type-post","status-publish","format-standard","has-post-thumbnail","hentry","category-politica","tag-blog-do-edvaldo-magalhaes","tag-blog-mais-acessado-e-visualizado-de-caruaru-e-regiao","tag-caruaru","tag-politica","tag-vereador-cabo-cardoso-cobra-melhorias-para-a-policia-militar"],"_links":{"self":[{"href":"https:\/\/blogdoedvaldomagalhaes.com.br\/index.php\/wp-json\/wp\/v2\/posts\/89822","targetHints":{"allow":["GET"]}}],"collection":[{"href":"https:\/\/blogdoedvaldomagalhaes.com.br\/index.php\/wp-json\/wp\/v2\/posts"}],"about":[{"href":"https:\/\/blogdoedvaldomagalhaes.com.br\/index.php\/wp-json\/wp\/v2\/types\/post"}],"author":[{"embeddable":true,"href":"https:\/\/blogdoedvaldomagalhaes.com.br\/index.php\/wp-json\/wp\/v2\/users\/1"}],"replies":[{"embeddable":true,"href":"https:\/\/blogdoedvaldomagalhaes.com.br\/index.php\/wp-json\/wp\/v2\/comments?post=89822"}],"version-history":[{"count":1,"href":"https:\/\/blogdoedvaldomagalhaes.com.br\/index.php\/wp-json\/wp\/v2\/posts\/89822\/revisions"}],"predecessor-version":[{"id":89824,"href":"https:\/\/blogdoedvaldomagalhaes.com.br\/index.php\/wp-json\/wp\/v2\/posts\/89822\/revisions\/89824"}],"wp:featuredmedia":[{"embeddable":true,"href":"https:\/\/blogdoedvaldomagalhaes.com.br\/index.php\/wp-json\/wp\/v2\/media\/89823"}],"wp:attachment":[{"href":"https:\/\/blogdoedvaldomagalhaes.com.br\/index.php\/wp-json\/wp\/v2\/media?parent=89822"}],"wp:term":[{"taxonomy":"category","embeddable":true,"href":"https:\/\/blogdoedvaldomagalhaes.com.br\/index.php\/wp-json\/wp\/v2\/categories?post=89822"},{"taxonomy":"post_tag","embeddable":true,"href":"https:\/\/blogdoedvaldomagalhaes.com.br\/index.php\/wp-json\/wp\/v2\/tags?post=89822"}],"curies":[{"name":"wp","href":"https:\/\/api.w.org\/{rel}","templated":true}]}}