{"id":89818,"date":"2022-11-10T22:19:43","date_gmt":"2022-11-11T01:19:43","guid":{"rendered":"https:\/\/blogdoedvaldomagalhaes.com.br\/?p=89818"},"modified":"2022-11-10T22:19:44","modified_gmt":"2022-11-11T01:19:44","slug":"raquel-fala-sobre-os-desafios-para-os-proximos-anos-na-25a-conferencia-unale","status":"publish","type":"post","link":"https:\/\/blogdoedvaldomagalhaes.com.br\/index.php\/2022\/11\/10\/raquel-fala-sobre-os-desafios-para-os-proximos-anos-na-25a-conferencia-unale\/","title":{"rendered":"Raquel fala sobre os desafios para os pr\u00f3ximos anos na 25\u00aa Confer\u00eancia Unale"},"content":{"rendered":"<p style=\"text-align: justify;\"><span style=\"color: initial; font-size: revert;\">A governadora eleita de Pernambuco, Raquel Lyra (PSDB), participou, nesta quinta (10), da 25\u00aa Confer\u00eancia realizada pela Uni\u00e3o Nacional dos Legisladores e Legislativos Estaduais (Unale), na Arena Pernambuco, no Grande Recife. Ao lado do governador eleito do Rio Grande do Sul, Eduardo Leite, e da sua vice, Priscila Krause, Raquel falou sobre os desafios para os pr\u00f3ximos quatros anos, no audit\u00f3rio lotado de parlamentares de todo o Brasil.<\/span><\/p>\n<p style=\"text-align: justify;\">A governadora eleita defendeu a conex\u00e3o direta com o povo. \u201cPrecisamos esquecer o que nos divide e trabalhar pelo que nos une. A nossa miss\u00e3o \u00e9 dar respostas e melhoria de vida a nossa gente. Vou governar junto ao povo. A popula\u00e7\u00e3o est\u00e1 \u00e1vida por mudan\u00e7a, por uma gest\u00e3o que chegue junto, que escute os seus anseios. Precisamos de um pa\u00eds unido para trabalhar no combate \u00e0s desigualdades, na supera\u00e7\u00e3o da pobreza, na gera\u00e7\u00e3o de oportunidades. E isso s\u00f3 \u00e9 poss\u00edvel com uni\u00e3o, principalmente do Executivo e do Legislativo\u201d, afirmou.<\/p>\n<p style=\"text-align: justify;\">Na sua fala, Eduardo Leite afirmou que \u00e9 fundamental o di\u00e1logo e que os parlamentares tenham protagonismo nas decis\u00f5es do estado. \u201cTemos que estar na pol\u00edtica n\u00e3o para ser, mas, sim, para fazer pelas pessoas. Precisamos trabalhar para enfrentar a fome e garantir oportunidades. N\u00e3o apenas com transfer\u00eancia de renda, mas tamb\u00e9m com investimento na educa\u00e7\u00e3o, sa\u00fade e tantas outras \u00e1reas fundamentais\u201d, acrescentou.<\/p>\n<p style=\"text-align: justify;\">\u201cEsse evento \u00e9 importante pelo debate popular atrav\u00e9s das Assembleias Legislativas, para que n\u00e3o s\u00f3 Pernambuco, mas todo o Brasil, possa crescer, gerar oportunidade, enxergar as diversidades e construir um tempo novo para todos e todas\u201d, concluiu Raquel.<\/p>\n<p style=\"text-align: justify;\">*HOMENAGEM*<\/p>\n<p style=\"text-align: justify;\">Ap\u00f3s o evento na Arena Pernambuco, Raquel Lyra recebeu o Trof\u00e9u Personalidade P\u00fablica da Associa\u00e7\u00e3o Pernambucana de Supermercados (Apes), em cerim\u00f4nia realizada no Arc\u00e1dia, no bairro de Apipucos.<\/p>\n<p style=\"text-align: justify;\">&#8220;Muito feliz em receber esse reconhecimento em um evento t\u00e3o importante como este da Apes. Esse encontro significa o fortalecimento do segmento que gera tantos empregos no nosso Estado. Parabenizo todos os homenageados desta noite, bem como a organiza\u00e7\u00e3o do evento&#8221;, concluiu Raquel Lyra.<span style=\"font-size: revert; color: initial;\"> Foto: Jana\u00edna Pepeu.<\/span><\/p>\n<p style=\"text-align: justify;\">Siga o Instagram @blogdoedvaldomagalhaes<\/p>\n<p style=\"text-align: justify;\">Se inscreva no canal do Blog no YouTube.<\/p>\n","protected":false},"excerpt":{"rendered":"<p>A governadora eleita de Pernambuco, Raquel Lyra (PSDB), participou, nesta quinta (10), da 25\u00aa Confer\u00eancia realizada pela Uni\u00e3o Nacional dos&hellip;<\/p>\n","protected":false},"author":1,"featured_media":89819,"comment_status":"closed","ping_status":"open","sticky":false,"template":"","format":"standard","meta":{"footnotes":""},"categories":[14120],"tags":[2,19532,3406,20,26040],"class_list":["post-89818","post","type-post","status-publish","format-standard","has-post-thumbnail","hentry","category-noticias","tag-blog-do-edvaldo-magalhaes","tag-blog-mais-acessado-e-visualizado-de-caruaru-e-regiao","tag-caruaru","tag-politica","tag-raquel-fala-sobre-os-desafios-para-os-proximos-anos-na-25a-conferencia-unale"],"_links":{"self":[{"href":"https:\/\/blogdoedvaldomagalhaes.com.br\/index.php\/wp-json\/wp\/v2\/posts\/89818","targetHints":{"allow":["GET"]}}],"collection":[{"href":"https:\/\/blogdoedvaldomagalhaes.com.br\/index.php\/wp-json\/wp\/v2\/posts"}],"about":[{"href":"https:\/\/blogdoedvaldomagalhaes.com.br\/index.php\/wp-json\/wp\/v2\/types\/post"}],"author":[{"embeddable":true,"href":"https:\/\/blogdoedvaldomagalhaes.com.br\/index.php\/wp-json\/wp\/v2\/users\/1"}],"replies":[{"embeddable":true,"href":"https:\/\/blogdoedvaldomagalhaes.com.br\/index.php\/wp-json\/wp\/v2\/comments?post=89818"}],"version-history":[{"count":1,"href":"https:\/\/blogdoedvaldomagalhaes.com.br\/index.php\/wp-json\/wp\/v2\/posts\/89818\/revisions"}],"predecessor-version":[{"id":89820,"href":"https:\/\/blogdoedvaldomagalhaes.com.br\/index.php\/wp-json\/wp\/v2\/posts\/89818\/revisions\/89820"}],"wp:featuredmedia":[{"embeddable":true,"href":"https:\/\/blogdoedvaldomagalhaes.com.br\/index.php\/wp-json\/wp\/v2\/media\/89819"}],"wp:attachment":[{"href":"https:\/\/blogdoedvaldomagalhaes.com.br\/index.php\/wp-json\/wp\/v2\/media?parent=89818"}],"wp:term":[{"taxonomy":"category","embeddable":true,"href":"https:\/\/blogdoedvaldomagalhaes.com.br\/index.php\/wp-json\/wp\/v2\/categories?post=89818"},{"taxonomy":"post_tag","embeddable":true,"href":"https:\/\/blogdoedvaldomagalhaes.com.br\/index.php\/wp-json\/wp\/v2\/tags?post=89818"}],"curies":[{"name":"wp","href":"https:\/\/api.w.org\/{rel}","templated":true}]}}