{"id":89806,"date":"2022-11-10T18:16:24","date_gmt":"2022-11-10T21:16:24","guid":{"rendered":"https:\/\/blogdoedvaldomagalhaes.com.br\/?p=89806"},"modified":"2022-11-10T22:25:48","modified_gmt":"2022-11-11T01:25:48","slug":"governador-paulo-camara-inaugura-nova-sede-da-delegacia-da-mulher-de-caruaru","status":"publish","type":"post","link":"https:\/\/blogdoedvaldomagalhaes.com.br\/index.php\/2022\/11\/10\/governador-paulo-camara-inaugura-nova-sede-da-delegacia-da-mulher-de-caruaru\/","title":{"rendered":"Governador Paulo C\u00e2mara inaugura nova sede da Delegacia da Mulher de Caruaru"},"content":{"rendered":"<p style=\"text-align: justify;\"><span style=\"color: initial; font-size: revert;\">O governador de Pernambuco, Paulo C\u00e2mara (PSB), inaugurou na manh\u00e3 desta quinta-feira (10), a nova sede da Delegacia Especializada de Atendimento \u00e0 Mulher em Caruaru (Deam), localizada na avenida Portugal. O deputado Erick Lessa destinou quase R$ 1 milh\u00e3o, atrav\u00e9s de emendas parlamentares, para a constru\u00e7\u00e3o da unidade, que j\u00e1 est\u00e1 atendendo a mulheres e meninas de Caruaru e regi\u00e3o.&nbsp;<\/span><\/p>\n<p style=\"text-align: justify;\">A solenidade contou com as presen\u00e7as dos deputados Erick Lessa, Eriberto Medeiros e Gleide \u00c2ngelo; da secret\u00e1ria da Mulher de Pernambuco, Ana Elisa; do secret\u00e1rio de Defesa Social, Humberto Freire; do chefe de Pol\u00edcia Civil de Pernambuco, Nehemias Falc\u00e3o; do gerente geral de Pol\u00edcia Cient\u00edfica, Fernando Benevides; da secret\u00e1ria de Pol\u00edticas para Mulheres de Caruaru, Juliana Gouveia; da vereadora Aline Nascimento; e do presidente da OAB Caruaru, Fernando J\u00fanior, entre outras autoridades.&nbsp;<\/p>\n<p style=\"text-align: justify;\">A nova Delegacia conta com ambientes modernos e humanizados, a exemplo de brinquedoteca, alojamentos, banheiros com acessibilidade, salas operacionais e de plant\u00e3o.<\/p>\n<p style=\"text-align: justify;\">Paulo C\u00e2mara esteve na&nbsp; comemora\u00e7\u00e3o dos 5 anos do 1\u00ba Batalh\u00e3o Integrado Especializado (BIEsp), na a<span style=\"font-size: revert; color: initial;\">venida Assun\u00e7\u00e3o, 38 \u2013 Caiuc\u00e1.<\/span><\/p>\n<p style=\"text-align: justify;\">O governador anunciou a amplia\u00e7\u00e3o do Ensino Integral e lan\u00e7amento do Investe Escola 2, no T<span style=\"font-size: revert; color: initial;\">eatro Difusora, na avenida Agamenon Magalh\u00e3es, 444, no bairro Maur\u00edcio de Nassau.<\/span><\/p>\n<p style=\"text-align: justify;\">Siga o Instagram @blogdoedvaldagalhaes<\/p>\n<p style=\"text-align: justify;\">Se inscreva no canal do Blog no YouTube.<\/p>\n\n\n<figure class=\"wp-block-image size-large\"><img loading=\"lazy\" decoding=\"async\" width=\"1024\" height=\"576\" src=\"https:\/\/blogdoedvaldomagalhaes.com.br\/wp-content\/uploads\/2022\/11\/IMG-20221110-WA0056-1024x576.jpg\" alt=\"\" class=\"wp-image-89809\" srcset=\"https:\/\/blogdoedvaldomagalhaes.com.br\/wp-content\/uploads\/2022\/11\/IMG-20221110-WA0056-1024x576.jpg 1024w, https:\/\/blogdoedvaldomagalhaes.com.br\/wp-content\/uploads\/2022\/11\/IMG-20221110-WA0056-300x169.jpg 300w, https:\/\/blogdoedvaldomagalhaes.com.br\/wp-content\/uploads\/2022\/11\/IMG-20221110-WA0056-768x432.jpg 768w, https:\/\/blogdoedvaldomagalhaes.com.br\/wp-content\/uploads\/2022\/11\/IMG-20221110-WA0056-1140x641.jpg 1140w, https:\/\/blogdoedvaldomagalhaes.com.br\/wp-content\/uploads\/2022\/11\/IMG-20221110-WA0056-720x405.jpg 720w, https:\/\/blogdoedvaldomagalhaes.com.br\/wp-content\/uploads\/2022\/11\/IMG-20221110-WA0056.jpg 1280w\" sizes=\"auto, (max-width: 1024px) 100vw, 1024px\" \/><\/figure>\n\n\n\n<figure class=\"wp-block-image size-large\"><img loading=\"lazy\" decoding=\"async\" width=\"1024\" height=\"576\" src=\"https:\/\/blogdoedvaldomagalhaes.com.br\/wp-content\/uploads\/2022\/11\/IMG-20221110-WA0058-1024x576.jpg\" alt=\"\" class=\"wp-image-89810\" srcset=\"https:\/\/blogdoedvaldomagalhaes.com.br\/wp-content\/uploads\/2022\/11\/IMG-20221110-WA0058-1024x576.jpg 1024w, https:\/\/blogdoedvaldomagalhaes.com.br\/wp-content\/uploads\/2022\/11\/IMG-20221110-WA0058-300x169.jpg 300w, https:\/\/blogdoedvaldomagalhaes.com.br\/wp-content\/uploads\/2022\/11\/IMG-20221110-WA0058-768x432.jpg 768w, https:\/\/blogdoedvaldomagalhaes.com.br\/wp-content\/uploads\/2022\/11\/IMG-20221110-WA0058-1140x641.jpg 1140w, https:\/\/blogdoedvaldomagalhaes.com.br\/wp-content\/uploads\/2022\/11\/IMG-20221110-WA0058-720x405.jpg 720w, https:\/\/blogdoedvaldomagalhaes.com.br\/wp-content\/uploads\/2022\/11\/IMG-20221110-WA0058.jpg 1280w\" sizes=\"auto, (max-width: 1024px) 100vw, 1024px\" \/><figcaption>Fotos da Delegacia da Mulher de Caruaru: Blog do Edvaldo Magalh\u00e3es<\/figcaption><\/figure>\n","protected":false},"excerpt":{"rendered":"<p>O governador de Pernambuco, Paulo C\u00e2mara (PSB), inaugurou na manh\u00e3 desta quinta-feira (10), a nova sede da Delegacia Especializada de&hellip;<\/p>\n","protected":false},"author":1,"featured_media":89807,"comment_status":"closed","ping_status":"open","sticky":false,"template":"","format":"standard","meta":{"footnotes":""},"categories":[14120],"tags":[2,19532,3406,26038,20],"class_list":["post-89806","post","type-post","status-publish","format-standard","has-post-thumbnail","hentry","category-noticias","tag-blog-do-edvaldo-magalhaes","tag-blog-mais-acessado-e-visualizado-de-caruaru-e-regiao","tag-caruaru","tag-governador-paulo-camara-inaugura-nova-sede-da-delegacia-da-mulher-de-caruaru","tag-politica"],"_links":{"self":[{"href":"https:\/\/blogdoedvaldomagalhaes.com.br\/index.php\/wp-json\/wp\/v2\/posts\/89806","targetHints":{"allow":["GET"]}}],"collection":[{"href":"https:\/\/blogdoedvaldomagalhaes.com.br\/index.php\/wp-json\/wp\/v2\/posts"}],"about":[{"href":"https:\/\/blogdoedvaldomagalhaes.com.br\/index.php\/wp-json\/wp\/v2\/types\/post"}],"author":[{"embeddable":true,"href":"https:\/\/blogdoedvaldomagalhaes.com.br\/index.php\/wp-json\/wp\/v2\/users\/1"}],"replies":[{"embeddable":true,"href":"https:\/\/blogdoedvaldomagalhaes.com.br\/index.php\/wp-json\/wp\/v2\/comments?post=89806"}],"version-history":[{"count":4,"href":"https:\/\/blogdoedvaldomagalhaes.com.br\/index.php\/wp-json\/wp\/v2\/posts\/89806\/revisions"}],"predecessor-version":[{"id":89821,"href":"https:\/\/blogdoedvaldomagalhaes.com.br\/index.php\/wp-json\/wp\/v2\/posts\/89806\/revisions\/89821"}],"wp:featuredmedia":[{"embeddable":true,"href":"https:\/\/blogdoedvaldomagalhaes.com.br\/index.php\/wp-json\/wp\/v2\/media\/89807"}],"wp:attachment":[{"href":"https:\/\/blogdoedvaldomagalhaes.com.br\/index.php\/wp-json\/wp\/v2\/media?parent=89806"}],"wp:term":[{"taxonomy":"category","embeddable":true,"href":"https:\/\/blogdoedvaldomagalhaes.com.br\/index.php\/wp-json\/wp\/v2\/categories?post=89806"},{"taxonomy":"post_tag","embeddable":true,"href":"https:\/\/blogdoedvaldomagalhaes.com.br\/index.php\/wp-json\/wp\/v2\/tags?post=89806"}],"curies":[{"name":"wp","href":"https:\/\/api.w.org\/{rel}","templated":true}]}}