{"id":89800,"date":"2022-11-10T17:08:40","date_gmt":"2022-11-10T20:08:40","guid":{"rendered":"https:\/\/blogdoedvaldomagalhaes.com.br\/?p=89800"},"modified":"2022-11-10T17:08:41","modified_gmt":"2022-11-10T20:08:41","slug":"anderson-correia-comemora-aprovacao-de-emenda-na-loa-que-pede-leitos-de-internamentos-na-ame-animal","status":"publish","type":"post","link":"https:\/\/blogdoedvaldomagalhaes.com.br\/index.php\/2022\/11\/10\/anderson-correia-comemora-aprovacao-de-emenda-na-loa-que-pede-leitos-de-internamentos-na-ame-animal\/","title":{"rendered":"Anderson Correia comemora aprova\u00e7\u00e3o de emenda na LOA que pede leitos de internamentos na AME Animal"},"content":{"rendered":"<p style=\"text-align: justify;\"><span style=\"color: initial; font-size: revert;\">O vereador Anderson Correia (PP) comemorou a aprova\u00e7\u00e3o da Emenda Aditiva ao Projeto de Lei n\u00ba 9400\/2022, que estima receita e fixa a despesa do Munic\u00edpio para o exerc\u00edcio financeiro de 2023 &#8211; Lei Or\u00e7ament\u00e1ria Anual (LOA) -, onde o parlamentar solicitou que fosse disponibilizados leitos de internamentos na AME Animal, para os animais de rua e tutores baixa renda, suprindo a necessidade dos animais que precisam ser internados e precisam ser levados para cl\u00ednicas particulares, j\u00e1 que o munic\u00edpio n\u00e3o disp\u00f5e desse servi\u00e7o.<\/span><\/p>\n<p style=\"text-align: justify;\">Essa \u00e9 mais uma conquista do Defensor dos Animais acerca de pol\u00edticas p\u00fablicas animalistas na Capital do Agreste, muito festejada pelo edil, que vem cobrando do Poder P\u00fablico municipal estes leitos mesmo antes de ser eleito como vereador, vindo a refor\u00e7ar o pedido desde o in\u00edcio do mandato.<\/p>\n<p style=\"text-align: justify;\">\u201cEstou muito feliz por ver mais uma sugest\u00e3o nossa em prol dos animais do nosso munic\u00edpio ser aprovada. Essa emenda \u00e9 muito importante para salvar os animais de ruas e de tutores baixa renda, que precisam passar por internamento para tratamentos de doen\u00e7as e recupera\u00e7\u00e3o diante de outras dificuldades como atropelamentos. Agora esperamos que possa de fato sair do papel, e termos todos os dias leitos dispon\u00edveis na AME Animal, sendo essa mais uma pol\u00edtica p\u00fablica animalista em Caruaru\u201d, destacou Anderson. Foto: Divulga\u00e7\u00e3o.<\/p>\n<p style=\"text-align: justify;\">Siga o Instagram @blogdoedvaldomagalhaes<\/p>\n<p style=\"text-align: justify;\">Se inscreva no canal do Blog no YouTube.<\/p>\n","protected":false},"excerpt":{"rendered":"<p>O vereador Anderson Correia (PP) comemorou a aprova\u00e7\u00e3o da Emenda Aditiva ao Projeto de Lei n\u00ba 9400\/2022, que estima receita&hellip;<\/p>\n","protected":false},"author":1,"featured_media":89801,"comment_status":"closed","ping_status":"open","sticky":false,"template":"","format":"standard","meta":{"footnotes":""},"categories":[14122],"tags":[26036,2,19532,3406,20],"class_list":["post-89800","post","type-post","status-publish","format-standard","has-post-thumbnail","hentry","category-politica","tag-anderson-correia-comemora-aprovacao-de-emenda-na-loa-que-pede-leitos-de-internamentos-na-ame-animal","tag-blog-do-edvaldo-magalhaes","tag-blog-mais-acessado-e-visualizado-de-caruaru-e-regiao","tag-caruaru","tag-politica"],"_links":{"self":[{"href":"https:\/\/blogdoedvaldomagalhaes.com.br\/index.php\/wp-json\/wp\/v2\/posts\/89800","targetHints":{"allow":["GET"]}}],"collection":[{"href":"https:\/\/blogdoedvaldomagalhaes.com.br\/index.php\/wp-json\/wp\/v2\/posts"}],"about":[{"href":"https:\/\/blogdoedvaldomagalhaes.com.br\/index.php\/wp-json\/wp\/v2\/types\/post"}],"author":[{"embeddable":true,"href":"https:\/\/blogdoedvaldomagalhaes.com.br\/index.php\/wp-json\/wp\/v2\/users\/1"}],"replies":[{"embeddable":true,"href":"https:\/\/blogdoedvaldomagalhaes.com.br\/index.php\/wp-json\/wp\/v2\/comments?post=89800"}],"version-history":[{"count":1,"href":"https:\/\/blogdoedvaldomagalhaes.com.br\/index.php\/wp-json\/wp\/v2\/posts\/89800\/revisions"}],"predecessor-version":[{"id":89802,"href":"https:\/\/blogdoedvaldomagalhaes.com.br\/index.php\/wp-json\/wp\/v2\/posts\/89800\/revisions\/89802"}],"wp:featuredmedia":[{"embeddable":true,"href":"https:\/\/blogdoedvaldomagalhaes.com.br\/index.php\/wp-json\/wp\/v2\/media\/89801"}],"wp:attachment":[{"href":"https:\/\/blogdoedvaldomagalhaes.com.br\/index.php\/wp-json\/wp\/v2\/media?parent=89800"}],"wp:term":[{"taxonomy":"category","embeddable":true,"href":"https:\/\/blogdoedvaldomagalhaes.com.br\/index.php\/wp-json\/wp\/v2\/categories?post=89800"},{"taxonomy":"post_tag","embeddable":true,"href":"https:\/\/blogdoedvaldomagalhaes.com.br\/index.php\/wp-json\/wp\/v2\/tags?post=89800"}],"curies":[{"name":"wp","href":"https:\/\/api.w.org\/{rel}","templated":true}]}}