{"id":89794,"date":"2022-11-10T16:18:45","date_gmt":"2022-11-10T19:18:45","guid":{"rendered":"https:\/\/blogdoedvaldomagalhaes.com.br\/?p=89794"},"modified":"2022-11-10T16:18:47","modified_gmt":"2022-11-10T19:18:47","slug":"jorge-quintino-apresenta-projeto-de-lei-sobre-programa-casa-de-acolhida-para-a-terceira-idade","status":"publish","type":"post","link":"https:\/\/blogdoedvaldomagalhaes.com.br\/index.php\/2022\/11\/10\/jorge-quintino-apresenta-projeto-de-lei-sobre-programa-casa-de-acolhida-para-a-terceira-idade\/","title":{"rendered":"Jorge Quintino apresenta Projeto de Lei sobre Programa Casa de Acolhida para a Terceira Idade"},"content":{"rendered":"<p style=\"text-align: justify;\"><span style=\"color: initial; font-size: revert;\">Na tarde desta quinta-feira (10), o vereador Jorge Quintino (SD) participa da primeira sess\u00e3o ordin\u00e1ria ap\u00f3s seu retorno \u00e0 C\u00e2mara de Vereadores. Na reuni\u00e3o, Jorge Quintino apresentar\u00e1 um Projeto de Lei em que solicita a cria\u00e7\u00e3o do Programa Casa de Acolhida para a Terceira Idade, com ambientes acolhedores e saud\u00e1veis para tais pessoas.<\/span><\/p>\n<p style=\"text-align: justify;\">A Casa de Acolhida para a Terceira Idade oferecer\u00e1 a\u00e7\u00f5es culturais, como teatro e dan\u00e7as que estimulem a mem\u00f3ria afetiva, a\u00e7\u00f5es educativas de leitura e escrita como o clube do livro, conhecimentos em tecnologia de informa\u00e7\u00e3o, al\u00e9m de aprendizagem de trabalhos manuais e de gastronomia.<\/p>\n<p style=\"text-align: justify;\">\u201cEste Projeto de Lei visa a garantia e o respeito ao envelhecimento, criando meios para que a pessoa idosa se sinta acolhida atrav\u00e9s do programa, com a\u00e7\u00f5es que garantam conviv\u00eancia coletiva e envelhecimento saud\u00e1vel\u201d, ressaltou o vereador.<\/p>\n<p style=\"text-align: justify;\">Ainda durante a reuni\u00e3o, Jorge Quintino destacar\u00e1 o Anteprojeto de Lei que solicita ao Poder Executivo a cria\u00e7\u00e3o da institui\u00e7\u00e3o de uma rede municipal de acolhida e prote\u00e7\u00e3o \u00e0s crian\u00e7as \u00f3rf\u00e3os do feminic\u00eddio e v\u00edtimas de viol\u00eancia dom\u00e9stica, com o objetivo de oferecer atendimento humanizado aos filhos de mulheres que tiveram suas vidas ceifadas de forma brutal.<\/p>\n<p style=\"text-align: justify;\">\u201cEm nosso pa\u00eds existe um alto \u00edndice de evas\u00e3o escolar de crian\u00e7as e adolescentes que convivem com viol\u00eancia dom\u00e9stica. Isto acaba afetando a sa\u00fade mental e psicol\u00f3gica da crian\u00e7a e mulheres v\u00edtimas de feminic\u00eddio. Desta forma, a institui\u00e7\u00e3o oferecer\u00e1 atendimento nos centros de refer\u00eancias especializados em assist\u00eancia social e servi\u00e7os que comp\u00f5em uma rede de prote\u00e7\u00e3o em situa\u00e7\u00e3o de viol\u00eancia\u201d, finaliza o vereador.<\/p>\n<p style=\"text-align: justify;\">Siga o Instagram @blogdoedvaldomagalhaes<\/p>\n<p style=\"text-align: justify;\">Se inscreva no canal do Blog no YouTube.<\/p>\n","protected":false},"excerpt":{"rendered":"<p>Na tarde desta quinta-feira (10), o vereador Jorge Quintino (SD) participa da primeira sess\u00e3o ordin\u00e1ria ap\u00f3s seu retorno \u00e0 C\u00e2mara&hellip;<\/p>\n","protected":false},"author":1,"featured_media":89795,"comment_status":"closed","ping_status":"open","sticky":false,"template":"","format":"standard","meta":{"footnotes":""},"categories":[14122],"tags":[2,19532,3406,26034,20],"class_list":["post-89794","post","type-post","status-publish","format-standard","has-post-thumbnail","hentry","category-politica","tag-blog-do-edvaldo-magalhaes","tag-blog-mais-acessado-e-visualizado-de-caruaru-e-regiao","tag-caruaru","tag-jorge-quintino-apresenta-projeto-de-lei-sobre-programa-casa-de-acolhida-para-a-terceira-idade","tag-politica"],"_links":{"self":[{"href":"https:\/\/blogdoedvaldomagalhaes.com.br\/index.php\/wp-json\/wp\/v2\/posts\/89794","targetHints":{"allow":["GET"]}}],"collection":[{"href":"https:\/\/blogdoedvaldomagalhaes.com.br\/index.php\/wp-json\/wp\/v2\/posts"}],"about":[{"href":"https:\/\/blogdoedvaldomagalhaes.com.br\/index.php\/wp-json\/wp\/v2\/types\/post"}],"author":[{"embeddable":true,"href":"https:\/\/blogdoedvaldomagalhaes.com.br\/index.php\/wp-json\/wp\/v2\/users\/1"}],"replies":[{"embeddable":true,"href":"https:\/\/blogdoedvaldomagalhaes.com.br\/index.php\/wp-json\/wp\/v2\/comments?post=89794"}],"version-history":[{"count":1,"href":"https:\/\/blogdoedvaldomagalhaes.com.br\/index.php\/wp-json\/wp\/v2\/posts\/89794\/revisions"}],"predecessor-version":[{"id":89796,"href":"https:\/\/blogdoedvaldomagalhaes.com.br\/index.php\/wp-json\/wp\/v2\/posts\/89794\/revisions\/89796"}],"wp:featuredmedia":[{"embeddable":true,"href":"https:\/\/blogdoedvaldomagalhaes.com.br\/index.php\/wp-json\/wp\/v2\/media\/89795"}],"wp:attachment":[{"href":"https:\/\/blogdoedvaldomagalhaes.com.br\/index.php\/wp-json\/wp\/v2\/media?parent=89794"}],"wp:term":[{"taxonomy":"category","embeddable":true,"href":"https:\/\/blogdoedvaldomagalhaes.com.br\/index.php\/wp-json\/wp\/v2\/categories?post=89794"},{"taxonomy":"post_tag","embeddable":true,"href":"https:\/\/blogdoedvaldomagalhaes.com.br\/index.php\/wp-json\/wp\/v2\/tags?post=89794"}],"curies":[{"name":"wp","href":"https:\/\/api.w.org\/{rel}","templated":true}]}}