{"id":89785,"date":"2022-11-10T08:52:07","date_gmt":"2022-11-10T11:52:07","guid":{"rendered":"https:\/\/blogdoedvaldomagalhaes.com.br\/?p=89785"},"modified":"2022-11-10T08:52:08","modified_gmt":"2022-11-10T11:52:08","slug":"policia-civil-deflagra-tres-operacoes-contra-organizacao-criminosa-em-pernambuco","status":"publish","type":"post","link":"https:\/\/blogdoedvaldomagalhaes.com.br\/index.php\/2022\/11\/10\/policia-civil-deflagra-tres-operacoes-contra-organizacao-criminosa-em-pernambuco\/","title":{"rendered":"Pol\u00edcia Civil deflagra tr\u00eas opera\u00e7\u00f5es contra organiza\u00e7\u00e3o criminosa em Pernambuco"},"content":{"rendered":"<p style=\"text-align: justify;\">A Pol\u00edcia Civil de Pernambuco deflagrou tr\u00eas opera\u00e7\u00f5es de repress\u00e3o qualificada, na manh\u00e3 desta quinta-feira (10). A Diretorias DIM, DINTER1 e DIRESP est\u00e3o com suas equipes nas ruas cumprindo as ordens judiciais.<\/p>\n<p style=\"text-align: justify;\">A 62\u00aa Opera\u00e7\u00e3o de Repress\u00e3o Qualificada do ano, denominada &#8220;FRATRES&#8221;, vinculada \u00e0 Diretoria Integrada do Interior I \u2013 DINTER I, sob a presid\u00eancia do Delegado Diogo Bem, Titular da Delegacia de Pol\u00edcia da 61\u00aa <br \/>Circunscri\u00e7\u00e3o \u2013 Vit\u00f3ria de Santo Ant\u00e3o, unidade integrante da 12\u00aa Delegacia Seccional \u2013 12\u00aa DESEC. A investiga\u00e7\u00e3o foi iniciada em janeiro de 2022, com o objetivo de identificar e desarticular Associa\u00e7\u00e3o Criminosa voltada \u00e0 pr\u00e1tica do Tr\u00e1fico de Drogas. No dia de hoje, est\u00e3o sendo cumpridos 06 (seis) Mandados de Pris\u00e3o e 07 (sete) Mandados de Busca e Apreens\u00e3o Domiciliar, todos expedidos pela Segunda Vara Criminal da Comarca de Vit\u00f3ria de Santo Ant\u00e3o. Na execu\u00e7\u00e3o, est\u00e3o sendo empregados 80 (oitenta) Policiais Civis, entre Delegados, Agentes e Escriv\u00e3es e 20 (vinte) Policiais Militares \u2013 PMPE. As investiga\u00e7\u00f5es foram assessoradas pela Diretoria de Intelig\u00eancia da Pol\u00edcia Civil de Pernambuco \u2013 DINTEL, contando ainda com o apoio do Grupamento T\u00e1tico A\u00e9reo \u2013 GTA\/SDS\/PE.<\/p>\n\n\n<figure class=\"wp-block-image size-full\"><img loading=\"lazy\" decoding=\"async\" width=\"768\" height=\"1024\" src=\"https:\/\/blogdoedvaldomagalhaes.com.br\/wp-content\/uploads\/2022\/11\/IMG-20221110-WA0026.jpg\" alt=\"\" class=\"wp-image-89786\" srcset=\"https:\/\/blogdoedvaldomagalhaes.com.br\/wp-content\/uploads\/2022\/11\/IMG-20221110-WA0026.jpg 768w, https:\/\/blogdoedvaldomagalhaes.com.br\/wp-content\/uploads\/2022\/11\/IMG-20221110-WA0026-225x300.jpg 225w\" sizes=\"auto, (max-width: 768px) 100vw, 768px\" \/><\/figure>\n\n\n\n<p><\/p>\n\n\n<p style=\"text-align: justify;\">A 63\u00aa Opera\u00e7\u00e3o de Repress\u00e3o Qualificada do ano, denominada &#8220;DESLINDE&#8221;, vinculada \u00e0 Diretoria Integrada Metropolitana &#8211; DIM, sob a presid\u00eancia do Delegado Ubiratan Rocha, Titular da 8\u00aa Delegacia Seccional &#8211; 8\u00aa DESEC. A investiga\u00e7\u00e3o foi iniciada em abril de 2022, com o objetivo de identificar e desarticular Organiza\u00e7\u00e3o Criminosa voltada \u00e0 pr\u00e1tica do Tr\u00e1fico de Drogas. No dia de hoje, est\u00e3o sendo cumpridos 05 (cinco) Mandados de Pris\u00e3o e 07 (sete) Mandados de Busca e Apreens\u00e3o Domiciliar, todos expedidos pelo Ju\u00edzo da Vara Criminal da Comarca de Igarassu. Na execu\u00e7\u00e3o, est\u00e3o sendo empregados 60 (sessenta) Policiais Civis, entre Delegados, Agentes e Escriv\u00e3es. As investiga\u00e7\u00f5es foram assessoradas pela Diretoria de Intelig\u00eancia da Pol\u00edcia Civil de Pernambuco \u2013 DINTEL.<\/p>\n\n\n<figure class=\"wp-block-image size-large\"><img loading=\"lazy\" decoding=\"async\" width=\"1024\" height=\"577\" src=\"https:\/\/blogdoedvaldomagalhaes.com.br\/wp-content\/uploads\/2022\/11\/IMG-20221110-WA0025-1024x577.jpg\" alt=\"\" class=\"wp-image-89787\" srcset=\"https:\/\/blogdoedvaldomagalhaes.com.br\/wp-content\/uploads\/2022\/11\/IMG-20221110-WA0025-1024x577.jpg 1024w, https:\/\/blogdoedvaldomagalhaes.com.br\/wp-content\/uploads\/2022\/11\/IMG-20221110-WA0025-300x169.jpg 300w, https:\/\/blogdoedvaldomagalhaes.com.br\/wp-content\/uploads\/2022\/11\/IMG-20221110-WA0025-768x432.jpg 768w, https:\/\/blogdoedvaldomagalhaes.com.br\/wp-content\/uploads\/2022\/11\/IMG-20221110-WA0025-1536x865.jpg 1536w, https:\/\/blogdoedvaldomagalhaes.com.br\/wp-content\/uploads\/2022\/11\/IMG-20221110-WA0025-1140x641.jpg 1140w, https:\/\/blogdoedvaldomagalhaes.com.br\/wp-content\/uploads\/2022\/11\/IMG-20221110-WA0025-720x405.jpg 720w, https:\/\/blogdoedvaldomagalhaes.com.br\/wp-content\/uploads\/2022\/11\/IMG-20221110-WA0025.jpg 1600w\" sizes=\"auto, (max-width: 1024px) 100vw, 1024px\" \/><\/figure>\n\n\n<p style=\"text-align: justify;\">A 64\u00aa Opera\u00e7\u00e3o de Repress\u00e3o Qualificada do ano, denominada &#8220;COMPARTILHADO&#8221;, vinculada \u00e0 Diretoria Integrada Especializada &#8211; DIRESP, sob a presid\u00eancia dos Delegados Viviane Santa Cruz e Diogo Melo Victor, respectivamente Titular e Adjunto da 1\u00aa Delegacia de Combate \u00e0 Corrup\u00e7\u00e3o e ao Crime Organizado &#8211; 1\u00aa DECCOR, unidade integrante do Departamento de Repress\u00e3o \u00e0 Corrup\u00e7\u00e3o e ao Crime Organizado &#8211; DRACCO. A investiga\u00e7\u00e3o foi iniciada em setembro de 2020, com o objetivo de identificar e desarticular Organiza\u00e7\u00e3o Criminosa voltada \u00e0 pr\u00e1tica dos crimes de Peculato e Lavagem de Dinheiro. No dia de hoje, est\u00e3o sendo cumpridos 20 (vinte) Mandados de Busca e Apreens\u00e3o Domiciliar, Sequestro de Bens e Bloqueio de Ativos Financeiros, todos expedidos pelo Ju\u00edzo da Vara Criminal da Comarca de Ipojuca. Na execu\u00e7\u00e3o, est\u00e3o sendo empregados 130 (cento e trinta) Policiais Civis, entre Delegados, Agentes e Escriv\u00e3es. As investiga\u00e7\u00f5es foram assessoradas pela Diretoria de Intelig\u00eancia da Pol\u00edcia Civil de Pernambuco \u2013 DINTEL e pelo N\u00facleo de Contabilidade Financeira e Lavagem de Dinheiro do DRACCO \u2013 NCLD\/DRACCO, contando ainda com o apoio do Tribunal de Contas do Estado \u2013 TCE-PE.<\/p>\n\n\n<figure class=\"wp-block-image size-large\"><img loading=\"lazy\" decoding=\"async\" width=\"1024\" height=\"577\" src=\"https:\/\/blogdoedvaldomagalhaes.com.br\/wp-content\/uploads\/2022\/11\/IMG-20221110-WA0023-1024x577.jpg\" alt=\"\" class=\"wp-image-89788\" srcset=\"https:\/\/blogdoedvaldomagalhaes.com.br\/wp-content\/uploads\/2022\/11\/IMG-20221110-WA0023-1024x577.jpg 1024w, https:\/\/blogdoedvaldomagalhaes.com.br\/wp-content\/uploads\/2022\/11\/IMG-20221110-WA0023-300x169.jpg 300w, https:\/\/blogdoedvaldomagalhaes.com.br\/wp-content\/uploads\/2022\/11\/IMG-20221110-WA0023-768x432.jpg 768w, https:\/\/blogdoedvaldomagalhaes.com.br\/wp-content\/uploads\/2022\/11\/IMG-20221110-WA0023-1536x865.jpg 1536w, https:\/\/blogdoedvaldomagalhaes.com.br\/wp-content\/uploads\/2022\/11\/IMG-20221110-WA0023-1140x641.jpg 1140w, https:\/\/blogdoedvaldomagalhaes.com.br\/wp-content\/uploads\/2022\/11\/IMG-20221110-WA0023-720x405.jpg 720w, https:\/\/blogdoedvaldomagalhaes.com.br\/wp-content\/uploads\/2022\/11\/IMG-20221110-WA0023.jpg 1600w\" sizes=\"auto, (max-width: 1024px) 100vw, 1024px\" \/><figcaption>Fotos: Divulga\u00e7\u00e3o\/Pol\u00edcia Civil<\/figcaption><\/figure>\n","protected":false},"excerpt":{"rendered":"<p>A Pol\u00edcia Civil de Pernambuco deflagrou tr\u00eas opera\u00e7\u00f5es de repress\u00e3o qualificada, na manh\u00e3 desta quinta-feira (10). A Diretorias DIM, DINTER1&hellip;<\/p>\n","protected":false},"author":1,"featured_media":89789,"comment_status":"closed","ping_status":"open","sticky":false,"template":"","format":"standard","meta":{"footnotes":""},"categories":[14121],"tags":[2,19532,3406,26032],"class_list":["post-89785","post","type-post","status-publish","format-standard","has-post-thumbnail","hentry","category-policial","tag-blog-do-edvaldo-magalhaes","tag-blog-mais-acessado-e-visualizado-de-caruaru-e-regiao","tag-caruaru","tag-policia-civil-deflagra-tres-operacoes-de-repressao-qualificada"],"_links":{"self":[{"href":"https:\/\/blogdoedvaldomagalhaes.com.br\/index.php\/wp-json\/wp\/v2\/posts\/89785","targetHints":{"allow":["GET"]}}],"collection":[{"href":"https:\/\/blogdoedvaldomagalhaes.com.br\/index.php\/wp-json\/wp\/v2\/posts"}],"about":[{"href":"https:\/\/blogdoedvaldomagalhaes.com.br\/index.php\/wp-json\/wp\/v2\/types\/post"}],"author":[{"embeddable":true,"href":"https:\/\/blogdoedvaldomagalhaes.com.br\/index.php\/wp-json\/wp\/v2\/users\/1"}],"replies":[{"embeddable":true,"href":"https:\/\/blogdoedvaldomagalhaes.com.br\/index.php\/wp-json\/wp\/v2\/comments?post=89785"}],"version-history":[{"count":1,"href":"https:\/\/blogdoedvaldomagalhaes.com.br\/index.php\/wp-json\/wp\/v2\/posts\/89785\/revisions"}],"predecessor-version":[{"id":89790,"href":"https:\/\/blogdoedvaldomagalhaes.com.br\/index.php\/wp-json\/wp\/v2\/posts\/89785\/revisions\/89790"}],"wp:featuredmedia":[{"embeddable":true,"href":"https:\/\/blogdoedvaldomagalhaes.com.br\/index.php\/wp-json\/wp\/v2\/media\/89789"}],"wp:attachment":[{"href":"https:\/\/blogdoedvaldomagalhaes.com.br\/index.php\/wp-json\/wp\/v2\/media?parent=89785"}],"wp:term":[{"taxonomy":"category","embeddable":true,"href":"https:\/\/blogdoedvaldomagalhaes.com.br\/index.php\/wp-json\/wp\/v2\/categories?post=89785"},{"taxonomy":"post_tag","embeddable":true,"href":"https:\/\/blogdoedvaldomagalhaes.com.br\/index.php\/wp-json\/wp\/v2\/tags?post=89785"}],"curies":[{"name":"wp","href":"https:\/\/api.w.org\/{rel}","templated":true}]}}