{"id":89780,"date":"2022-11-09T22:18:44","date_gmt":"2022-11-10T01:18:44","guid":{"rendered":"https:\/\/blogdoedvaldomagalhaes.com.br\/?p=89780"},"modified":"2022-11-09T22:18:45","modified_gmt":"2022-11-10T01:18:45","slug":"vereador-ranilson-enfermeiro-solicita-reparo-com-urgencia-em-ruas-do-bairro-santa-rosa","status":"publish","type":"post","link":"https:\/\/blogdoedvaldomagalhaes.com.br\/index.php\/2022\/11\/09\/vereador-ranilson-enfermeiro-solicita-reparo-com-urgencia-em-ruas-do-bairro-santa-rosa\/","title":{"rendered":"Vereador Ranilson Enfermeiro solicita reparo com urg\u00eancia em ruas do bairro Santa Rosa"},"content":{"rendered":"<p style=\"text-align: justify;\">Devido \u00e0s fortes chuvas que aconteceram no \u00faltimo fim de semana, ruas do bairro Santa Rosa tiverem cal\u00e7amento e asfalto destru\u00eddos.<\/p>\n<p style=\"text-align: justify;\">Al\u00e9m de comprometer a seguran\u00e7a no tr\u00e1fego de pessoas e ve\u00edculos, alguns danos comprometeram as resid\u00eancias. Por este motivo, o vereador Ranilson Enfermeiro solicitou em car\u00e1ter de urg\u00eancia o reparo completo dessas ruas atingidas.<\/p>\n<p style=\"text-align: justify;\">As ruas s\u00e3o: rua Dr. Manoel Jos\u00e9, avenida Capibaribe, rua Austr\u00e1lia e rua Oriental, todas situadas no bairro Santa Rosa. Foto: Divulga\u00e7\u00e3o.<\/p>\n<p style=\"text-align: justify;\">Siga o Instagram @blogdoedvaldomagalhaes.com.br<\/p>\n<p style=\"text-align: justify;\">Se inscreva no canal do Blog no YouTube.<\/p>\n","protected":false},"excerpt":{"rendered":"<p>Devido \u00e0s fortes chuvas que aconteceram no \u00faltimo fim de semana, ruas do bairro Santa Rosa tiverem cal\u00e7amento e asfalto&hellip;<\/p>\n","protected":false},"author":1,"featured_media":89781,"comment_status":"closed","ping_status":"open","sticky":false,"template":"","format":"standard","meta":{"footnotes":""},"categories":[14122],"tags":[2,19532,3406,20,26031],"class_list":["post-89780","post","type-post","status-publish","format-standard","has-post-thumbnail","hentry","category-politica","tag-blog-do-edvaldo-magalhaes","tag-blog-mais-acessado-e-visualizado-de-caruaru-e-regiao","tag-caruaru","tag-politica","tag-vereador-ranilson-enfermeiro-solicita-reparo-com-urgencia-em-ruas-do-bairro-santa-rosa"],"_links":{"self":[{"href":"https:\/\/blogdoedvaldomagalhaes.com.br\/index.php\/wp-json\/wp\/v2\/posts\/89780","targetHints":{"allow":["GET"]}}],"collection":[{"href":"https:\/\/blogdoedvaldomagalhaes.com.br\/index.php\/wp-json\/wp\/v2\/posts"}],"about":[{"href":"https:\/\/blogdoedvaldomagalhaes.com.br\/index.php\/wp-json\/wp\/v2\/types\/post"}],"author":[{"embeddable":true,"href":"https:\/\/blogdoedvaldomagalhaes.com.br\/index.php\/wp-json\/wp\/v2\/users\/1"}],"replies":[{"embeddable":true,"href":"https:\/\/blogdoedvaldomagalhaes.com.br\/index.php\/wp-json\/wp\/v2\/comments?post=89780"}],"version-history":[{"count":1,"href":"https:\/\/blogdoedvaldomagalhaes.com.br\/index.php\/wp-json\/wp\/v2\/posts\/89780\/revisions"}],"predecessor-version":[{"id":89782,"href":"https:\/\/blogdoedvaldomagalhaes.com.br\/index.php\/wp-json\/wp\/v2\/posts\/89780\/revisions\/89782"}],"wp:featuredmedia":[{"embeddable":true,"href":"https:\/\/blogdoedvaldomagalhaes.com.br\/index.php\/wp-json\/wp\/v2\/media\/89781"}],"wp:attachment":[{"href":"https:\/\/blogdoedvaldomagalhaes.com.br\/index.php\/wp-json\/wp\/v2\/media?parent=89780"}],"wp:term":[{"taxonomy":"category","embeddable":true,"href":"https:\/\/blogdoedvaldomagalhaes.com.br\/index.php\/wp-json\/wp\/v2\/categories?post=89780"},{"taxonomy":"post_tag","embeddable":true,"href":"https:\/\/blogdoedvaldomagalhaes.com.br\/index.php\/wp-json\/wp\/v2\/tags?post=89780"}],"curies":[{"name":"wp","href":"https:\/\/api.w.org\/{rel}","templated":true}]}}