{"id":89769,"date":"2022-11-09T19:17:22","date_gmt":"2022-11-09T22:17:22","guid":{"rendered":"https:\/\/blogdoedvaldomagalhaes.com.br\/?p=89769"},"modified":"2022-11-09T19:24:05","modified_gmt":"2022-11-09T22:24:05","slug":"morre-o-ator-cantor-e-apresentador-rolando-boldrin-o-senhor-brasil","status":"publish","type":"post","link":"https:\/\/blogdoedvaldomagalhaes.com.br\/index.php\/2022\/11\/09\/morre-o-ator-cantor-e-apresentador-rolando-boldrin-o-senhor-brasil\/","title":{"rendered":"Morre o ator, cantor e apresentador Rolando Boldrin, o &#8220;senhor Brasil&#8221;"},"content":{"rendered":"<p style=\"text-align: justify;\">Morreu nesta quarta-feira (9), o cantor, compositor, ator e apresentador, Rolando Boldrin, aos 85 anos, mas a causa n\u00e3o foi divulgada. Ele estava internado no Hospital Albert Einstein h\u00e1 2 meses. O vel\u00f3rio ser\u00e1 realizado na Assembleia Legislativa do Estado de S\u00e3o Paulo.<\/p>\n<p style=\"text-align: justify;\">Rolando Boldrin foi ator, participando de mais de 30 novelas, como \u201cO Direito de Nascer\u201d; \u201cAs Pupilas do Senhor Reitor\u201d; \u201cOs Deuses Est\u00e3o Mortos\u201d; \u201cQuero Viver\u201d; \u201cMulheres de Areia\u201d; \u201cOs Inocentes\u201d; \u201cA Viagem\u201d; \u201cO Profeta\u201d; \u201cRoda de Fogo\u201d; \u201cCara a Cara\u201d; \u201cCavalo Amarelo\u201d e \u201cOs Imigrantes\u201d.<\/p>\n<p style=\"text-align: justify;\"><strong>Nota da TV Cultura\u00a0<\/strong><\/p>\n<p class=\"bodytext\" style=\"text-align: justify;\">\u201cEle tirou o Brasil da \u2018Gaveta\u2019 e fez coro com os artistas mais representativos de todas as regi\u00f5es do pa\u00eds. Em seu programa, o cen\u00e1rio privilegiava os artes\u00e3os brasileiros e era circundado por imagens dos artistas que fizeram a nossa hist\u00f3ria, escrita, falada e cantada, e que j\u00e1 viajaram, muitos deles \u2018fora do combinado\u2019, conforme costumava dizer Rolando\u201d, diz nota da TV Cultura.<\/p>\n<p style=\"text-align: justify;\">Foto: Divulga\u00e7\u00e3o\/TV Cultura.<\/p>\n<p style=\"text-align: justify;\">Siga o Instagram @blogdoedvaldomagalhaes<\/p>\n<p style=\"text-align: justify;\">Se inscreva no canal do Blog no YouTube.<\/p>\n","protected":false},"excerpt":{"rendered":"<p>Morreu nesta quarta-feira (9), o cantor, compositor, ator e apresentador, Rolando Boldrin, aos 85 anos, mas a causa n\u00e3o foi&hellip;<\/p>\n","protected":false},"author":1,"featured_media":89770,"comment_status":"closed","ping_status":"open","sticky":false,"template":"","format":"standard","meta":{"footnotes":""},"categories":[14120],"tags":[2,19532,3406,26028],"class_list":["post-89769","post","type-post","status-publish","format-standard","has-post-thumbnail","hentry","category-noticias","tag-blog-do-edvaldo-magalhaes","tag-blog-mais-acessado-e-visualizado-de-caruaru-e-regiao","tag-caruaru","tag-morre-ator-cantor-e-apresentador-rolando-boldrin-o-senhor-brasil"],"_links":{"self":[{"href":"https:\/\/blogdoedvaldomagalhaes.com.br\/index.php\/wp-json\/wp\/v2\/posts\/89769","targetHints":{"allow":["GET"]}}],"collection":[{"href":"https:\/\/blogdoedvaldomagalhaes.com.br\/index.php\/wp-json\/wp\/v2\/posts"}],"about":[{"href":"https:\/\/blogdoedvaldomagalhaes.com.br\/index.php\/wp-json\/wp\/v2\/types\/post"}],"author":[{"embeddable":true,"href":"https:\/\/blogdoedvaldomagalhaes.com.br\/index.php\/wp-json\/wp\/v2\/users\/1"}],"replies":[{"embeddable":true,"href":"https:\/\/blogdoedvaldomagalhaes.com.br\/index.php\/wp-json\/wp\/v2\/comments?post=89769"}],"version-history":[{"count":2,"href":"https:\/\/blogdoedvaldomagalhaes.com.br\/index.php\/wp-json\/wp\/v2\/posts\/89769\/revisions"}],"predecessor-version":[{"id":89773,"href":"https:\/\/blogdoedvaldomagalhaes.com.br\/index.php\/wp-json\/wp\/v2\/posts\/89769\/revisions\/89773"}],"wp:featuredmedia":[{"embeddable":true,"href":"https:\/\/blogdoedvaldomagalhaes.com.br\/index.php\/wp-json\/wp\/v2\/media\/89770"}],"wp:attachment":[{"href":"https:\/\/blogdoedvaldomagalhaes.com.br\/index.php\/wp-json\/wp\/v2\/media?parent=89769"}],"wp:term":[{"taxonomy":"category","embeddable":true,"href":"https:\/\/blogdoedvaldomagalhaes.com.br\/index.php\/wp-json\/wp\/v2\/categories?post=89769"},{"taxonomy":"post_tag","embeddable":true,"href":"https:\/\/blogdoedvaldomagalhaes.com.br\/index.php\/wp-json\/wp\/v2\/tags?post=89769"}],"curies":[{"name":"wp","href":"https:\/\/api.w.org\/{rel}","templated":true}]}}