{"id":89766,"date":"2022-11-09T17:35:09","date_gmt":"2022-11-09T20:35:09","guid":{"rendered":"https:\/\/blogdoedvaldomagalhaes.com.br\/?p=89766"},"modified":"2022-11-09T17:35:11","modified_gmt":"2022-11-09T20:35:11","slug":"suspeito-de-trafico-e-preso-em-caruaru","status":"publish","type":"post","link":"https:\/\/blogdoedvaldomagalhaes.com.br\/index.php\/2022\/11\/09\/suspeito-de-trafico-e-preso-em-caruaru\/","title":{"rendered":"Suspeito de tr\u00e1fico \u00e9 preso em Caruaru"},"content":{"rendered":"<p style=\"text-align: justify;\"><span style=\"color: initial; font-size: revert;\">Um homem foi preso por tr\u00e1fico de drogas e posse de arma de fogo, ter\u00e7a-feira (08\/11), em Caruaru. Policiais militares do 1\u00ba BIEsp receberam informa\u00e7\u00f5es sobre tr\u00e1fico de entorpecentes em um edif\u00edcio residencial no bairro Petrop\u00f3lis, fizeram a checagem e confirmaram a den\u00fancia.<\/span><\/p>\n<p style=\"text-align: justify;\">Ao chegar no pr\u00e9dio, a equipe visualizou o suspeito jogando materiais no elevador, distribu\u00eddos em sacolas pequenas. Com o homem, durante abordagem, havia R$ 1.668,00 em esp\u00e9cie. No elevador, foram encontrados 280g de maconha, seis big bigs da mesma droga, 18 pedras de crack, um rev\u00f3lver calibre.38 e 11 muni\u00e7\u00f5es e uma balan\u00e7a de precis\u00e3o.<\/p>\n<p style=\"text-align: justify;\">O envolvido foi conduzido para a Delegacia de Pol\u00edcia Civil, juntamente com o material apreendido, onde foram adotadas as medidas legais cab\u00edveis. Foto: Divulga\u00e7\u00e3o\/PMPE.<\/p>\n<p style=\"text-align: justify;\">Siga o Instagram @blogdoedvaldomagalhaes<\/p>\n<p style=\"text-align: justify;\">Se inscreva no canal do Blog no YouTube.<\/p>\n","protected":false},"excerpt":{"rendered":"<p>Um homem foi preso por tr\u00e1fico de drogas e posse de arma de fogo, ter\u00e7a-feira (08\/11), em Caruaru. Policiais militares&hellip;<\/p>\n","protected":false},"author":1,"featured_media":89767,"comment_status":"closed","ping_status":"open","sticky":false,"template":"","format":"standard","meta":{"footnotes":""},"categories":[14121],"tags":[2,19532,3406,26027],"class_list":["post-89766","post","type-post","status-publish","format-standard","has-post-thumbnail","hentry","category-policial","tag-blog-do-edvaldo-magalhaes","tag-blog-mais-acessado-e-visualizado-de-caruaru-e-regiao","tag-caruaru","tag-suspeito-de-trafico-e-preso-em-caruaru"],"_links":{"self":[{"href":"https:\/\/blogdoedvaldomagalhaes.com.br\/index.php\/wp-json\/wp\/v2\/posts\/89766","targetHints":{"allow":["GET"]}}],"collection":[{"href":"https:\/\/blogdoedvaldomagalhaes.com.br\/index.php\/wp-json\/wp\/v2\/posts"}],"about":[{"href":"https:\/\/blogdoedvaldomagalhaes.com.br\/index.php\/wp-json\/wp\/v2\/types\/post"}],"author":[{"embeddable":true,"href":"https:\/\/blogdoedvaldomagalhaes.com.br\/index.php\/wp-json\/wp\/v2\/users\/1"}],"replies":[{"embeddable":true,"href":"https:\/\/blogdoedvaldomagalhaes.com.br\/index.php\/wp-json\/wp\/v2\/comments?post=89766"}],"version-history":[{"count":1,"href":"https:\/\/blogdoedvaldomagalhaes.com.br\/index.php\/wp-json\/wp\/v2\/posts\/89766\/revisions"}],"predecessor-version":[{"id":89768,"href":"https:\/\/blogdoedvaldomagalhaes.com.br\/index.php\/wp-json\/wp\/v2\/posts\/89766\/revisions\/89768"}],"wp:featuredmedia":[{"embeddable":true,"href":"https:\/\/blogdoedvaldomagalhaes.com.br\/index.php\/wp-json\/wp\/v2\/media\/89767"}],"wp:attachment":[{"href":"https:\/\/blogdoedvaldomagalhaes.com.br\/index.php\/wp-json\/wp\/v2\/media?parent=89766"}],"wp:term":[{"taxonomy":"category","embeddable":true,"href":"https:\/\/blogdoedvaldomagalhaes.com.br\/index.php\/wp-json\/wp\/v2\/categories?post=89766"},{"taxonomy":"post_tag","embeddable":true,"href":"https:\/\/blogdoedvaldomagalhaes.com.br\/index.php\/wp-json\/wp\/v2\/tags?post=89766"}],"curies":[{"name":"wp","href":"https:\/\/api.w.org\/{rel}","templated":true}]}}