{"id":89761,"date":"2022-11-09T13:32:22","date_gmt":"2022-11-09T16:32:22","guid":{"rendered":"https:\/\/blogdoedvaldomagalhaes.com.br\/?p=89761"},"modified":"2022-11-09T13:32:24","modified_gmt":"2022-11-09T16:32:24","slug":"priscila-krause-entrega-lista-da-equipe-de-transicao-confira","status":"publish","type":"post","link":"https:\/\/blogdoedvaldomagalhaes.com.br\/index.php\/2022\/11\/09\/priscila-krause-entrega-lista-da-equipe-de-transicao-confira\/","title":{"rendered":"Priscila Krause entrega lista da equipe de transi\u00e7\u00e3o; Confira"},"content":{"rendered":"<p style=\"text-align: justify;\"><span style=\"font-size: revert; color: initial;\">A vice-governadora eleita de Pernambuco, Priscila Krause (Cidadania), entregou ao coordenador de transi\u00e7\u00e3o do governo Paulo C\u00e2mara, o secret\u00e1rio da Casa Civil, Jos\u00e9 Neto, o documento assinado pela governadora eleita, Raquel Lyra (PSDB), em que oficializa sua coordena\u00e7\u00e3o e os nomes que integrar\u00e3o a equipe respons\u00e1vel pelo processo da troca de gest\u00e3o. A reuni\u00e3o ocorreu na manh\u00e3 desta quarta-feira (9), no Pal\u00e1cio do Campo das Princesas.<\/span><\/p>\n<p style=\"text-align: justify;\">Priscila entregou pessoalmente o documento e conversou sobre como ser\u00e1 realizada a transi\u00e7\u00e3o. \u201cOficializamos, hoje, o in\u00edcio da transi\u00e7\u00e3o junto ao coordenador do governo, secret\u00e1rio Jos\u00e9 Neto, para que possamos seguir adiante com os trabalhos. A determina\u00e7\u00e3o da governadora \u00e9 fazer uma transi\u00e7\u00e3o que seja exemplo para o pa\u00eds\u201d, destacou Priscila.<\/p>\n<p style=\"text-align: justify;\">Al\u00e9m da vice eleita como coordenadora, a equipe de transi\u00e7\u00e3o de Raquel Lyra conta com oito especialistas que v\u00e3o se aprofundar nas quest\u00f5es sociais, fiscais, or\u00e7ament\u00e1rias, econ\u00f4micas e administrativas de Pernambuco. De acordo com Priscila, a data para a primeira reuni\u00e3o das equipes dos governos ser\u00e1 marcada nos pr\u00f3ximos dias, conforme disponibilidade do escrit\u00f3rio de transi\u00e7\u00e3o.<\/p>\n<p style=\"text-align: justify;\">_Conhe\u00e7a a equipe de transi\u00e7\u00e3o da governadora eleita, Raquel Lyra:_<\/p>\n<p style=\"text-align: justify;\">&#8211; Priscila Krause, vice-governadora eleita<\/p>\n<p style=\"text-align: justify;\">&#8211; T\u00falio Vila\u00e7a, advogado<\/p>\n<p style=\"text-align: justify;\">&#8211; Eduardo Vieira, administrador<\/p>\n<p style=\"text-align: justify;\">&#8211; Carolina Cabral, publicit\u00e1ria<\/p>\n<p style=\"text-align: justify;\">&#8211; Fernando de Holanda, publicit\u00e1rio<\/p>\n<p style=\"text-align: justify;\">&#8211; Manoel Medeiros Neto, economista e jornalista<\/p>\n<p style=\"text-align: justify;\">&#8211; Ana Maraiza de Sousa, advogada<\/p>\n<p style=\"text-align: justify;\">&#8211; B\u00e1rbara Flor\u00eancio, advogada<\/p>\n<p style=\"text-align: justify;\">&#8211; Nayll\u00ea Rodrigues, advogada e administradora.<\/p>\n<p style=\"text-align: justify;\">Foto: Sarah Leonel.<\/p>\n<p style=\"text-align: justify;\">Siga o Instagram @blogdoedvaldomagalhaes<\/p>\n<p style=\"text-align: justify;\">Se inscreva no canal do Blog no YouTube.<\/p>\n","protected":false},"excerpt":{"rendered":"<p>A vice-governadora eleita de Pernambuco, Priscila Krause (Cidadania), entregou ao coordenador de transi\u00e7\u00e3o do governo Paulo C\u00e2mara, o secret\u00e1rio da&hellip;<\/p>\n","protected":false},"author":1,"featured_media":89762,"comment_status":"closed","ping_status":"open","sticky":false,"template":"","format":"standard","meta":{"footnotes":""},"categories":[14122],"tags":[2,19532,3406,20,26026],"class_list":["post-89761","post","type-post","status-publish","format-standard","has-post-thumbnail","hentry","category-politica","tag-blog-do-edvaldo-magalhaes","tag-blog-mais-acessado-e-visualizado-de-caruaru-e-regiao","tag-caruaru","tag-politica","tag-priscila-krause-entrega-lista-da-equipe-de-transicao-confira"],"_links":{"self":[{"href":"https:\/\/blogdoedvaldomagalhaes.com.br\/index.php\/wp-json\/wp\/v2\/posts\/89761","targetHints":{"allow":["GET"]}}],"collection":[{"href":"https:\/\/blogdoedvaldomagalhaes.com.br\/index.php\/wp-json\/wp\/v2\/posts"}],"about":[{"href":"https:\/\/blogdoedvaldomagalhaes.com.br\/index.php\/wp-json\/wp\/v2\/types\/post"}],"author":[{"embeddable":true,"href":"https:\/\/blogdoedvaldomagalhaes.com.br\/index.php\/wp-json\/wp\/v2\/users\/1"}],"replies":[{"embeddable":true,"href":"https:\/\/blogdoedvaldomagalhaes.com.br\/index.php\/wp-json\/wp\/v2\/comments?post=89761"}],"version-history":[{"count":1,"href":"https:\/\/blogdoedvaldomagalhaes.com.br\/index.php\/wp-json\/wp\/v2\/posts\/89761\/revisions"}],"predecessor-version":[{"id":89763,"href":"https:\/\/blogdoedvaldomagalhaes.com.br\/index.php\/wp-json\/wp\/v2\/posts\/89761\/revisions\/89763"}],"wp:featuredmedia":[{"embeddable":true,"href":"https:\/\/blogdoedvaldomagalhaes.com.br\/index.php\/wp-json\/wp\/v2\/media\/89762"}],"wp:attachment":[{"href":"https:\/\/blogdoedvaldomagalhaes.com.br\/index.php\/wp-json\/wp\/v2\/media?parent=89761"}],"wp:term":[{"taxonomy":"category","embeddable":true,"href":"https:\/\/blogdoedvaldomagalhaes.com.br\/index.php\/wp-json\/wp\/v2\/categories?post=89761"},{"taxonomy":"post_tag","embeddable":true,"href":"https:\/\/blogdoedvaldomagalhaes.com.br\/index.php\/wp-json\/wp\/v2\/tags?post=89761"}],"curies":[{"name":"wp","href":"https:\/\/api.w.org\/{rel}","templated":true}]}}