{"id":8976,"date":"2016-07-16T23:14:00","date_gmt":"2016-07-17T02:14:00","guid":{"rendered":"http:\/\/blogdoedvaldomagalhaes.com.br\/index.php\/2016\/07\/16\/central-derrota-o-atletico-pernambucano\/"},"modified":"2019-02-09T00:51:07","modified_gmt":"2019-02-09T02:51:07","slug":"central-derrota-o-atletico-pernambucano","status":"publish","type":"post","link":"https:\/\/blogdoedvaldomagalhaes.com.br\/index.php\/2016\/07\/16\/central-derrota-o-atletico-pernambucano\/","title":{"rendered":"Central vence, promo\u00e7\u00e3o dos ingressos continua e centraletes estreiam novo padr\u00e3o"},"content":{"rendered":"<div style=\"text-align: justify;\">\n<div class=\"separator\" style=\"clear: both; text-align: center;\">\n<a href=\"https:\/\/1.bp.blogspot.com\/-ju9b3mbF4Cg\/V4q-_d_rszI\/AAAAAAAACVU\/Gun4bGWJ2B8ZVCDbhCgYe4XD53kQG8CoACLcB\/s1600\/jogo%2B1.jpg\" imageanchor=\"1\" style=\"margin-left: 1em; margin-right: 1em;\"><img loading=\"lazy\" decoding=\"async\" border=\"0\" height=\"225\" src=\"http:\/\/blogdoedvaldomagalhaes.com.br\/wp-content\/uploads\/2016\/07\/jogo1.jpg\" width=\"400\" \/><\/a><\/div>\n<p>\nO fim de semana come\u00e7ou bem para o Central, a equipe de juniores comandada pelo t\u00e9cnico Laelson Lima derrotou o Atl\u00e9tico Pernambucano por 1&#215;0, na tarde deste s\u00e1bado (16), no Est\u00e1do Luiz Jos\u00e9 de Lacerda, pelo Campeonato Pernambucano sub-20.<\/p>\n<p><\/p>\n<div class=\"separator\" style=\"clear: both; text-align: center;\">\n<a href=\"https:\/\/3.bp.blogspot.com\/-ELElSzhZAtc\/V4q_GermLwI\/AAAAAAAACVY\/1doAZXXm6n4q-kdQCHw3meoyd5RfpFeLwCLcB\/s1600\/jogo%2B2.jpg\" imageanchor=\"1\" style=\"margin-left: 1em; margin-right: 1em;\"><img loading=\"lazy\" decoding=\"async\" border=\"0\" height=\"225\" src=\"http:\/\/blogdoedvaldomagalhaes.com.br\/wp-content\/uploads\/2016\/07\/jogo2-1.jpg\" width=\"400\" \/><\/a><\/div>\n<\/div>\n<div style=\"text-align: justify;\">\n<\/div>\n<div style=\"text-align: justify;\">\nJ\u00e1 a equipe profissional encerrou os preparativos hoje pela manh\u00e3, para o jogo decisivo deste domingo (17) contra o Guarani de Juazeiro, \u00e0s 18h, no Lacerd\u00e3o, pela \u00faltima rodada da S\u00e9rie B. O zagueiro Diego Bispo e o volante Douglas Carioca n\u00e3o treinaram com bola mais uma vez, mas, v\u00e3o jogar.<\/div>\n<div style=\"text-align: justify;\">\n<\/div>\n<div style=\"text-align: justify;\">\nO Central ter\u00e1 duas altera\u00e7\u00f5es em rela\u00e7\u00e3o a equipe que empatou com o Parnahyba por 1&#215;1, no \u00faltimo jogo, que s\u00e3o Diego Bispo na vaga de \u00c9verton e Thiaguinho que vai estrear no lugar de Luiz Felipe Portes. Lembrando que \u00c9verton e Portes est\u00e3o suspensos pelo terceiro cart\u00e3o amarelo.<\/div>\n<div style=\"text-align: justify;\">\n<\/div>\n<div style=\"text-align: justify;\">\nO time alvi-negro entra em campo com Murilo, Richard Souza, Diego Bispo, Aylton Alem\u00e3o e Altemar; Douglas Carioca, Liniker e Danilo Cintra; Candinho, Rom\u00e1rio Correa e Thiaguinho.<\/p>\n<p>O Guarani vai jogar de&nbsp;Diego Siqueira, Er\u00e9 Petrolina, Afonso, Rafael Tchuca e Johnny; Gleidson, Jhonata, Ronda, Juninho e Kelvis; Netinho. T\u00e9cnico: Washington Luis.<\/p><\/div>\n<div style=\"text-align: justify;\">\n<\/div>\n<div style=\"text-align: justify;\">\nA promo\u00e7\u00e3o dos ingressos para Central x Guarani, foi prorrogada at\u00e9 o meio dia deste domingo, neste caso, o torcedor continuar\u00e1 pagando apenas R$ 10 reais para ir a arquibancada, cadeira custa R$ 30 reais.<\/p>\n<p><\/p>\n<div class=\"separator\" style=\"clear: both; text-align: center;\">\n<a href=\"https:\/\/4.bp.blogspot.com\/-rbwhoLWlbgI\/V4q_h3iP3_I\/AAAAAAAACVk\/fKz3eVRJpzcShWU5a0cQwsflBbjEYbJNwCLcB\/s1600\/elas.jpg\" imageanchor=\"1\" style=\"margin-left: 1em; margin-right: 1em;\"><img loading=\"lazy\" decoding=\"async\" border=\"0\" height=\"300\" src=\"http:\/\/blogdoedvaldomagalhaes.com.br\/wp-content\/uploads\/2016\/07\/elas.jpg\" width=\"400\" \/><\/a><\/div>\n<p><\/div>\n<div style=\"text-align: justify;\">\nAs centraletes que s\u00e3o coordenadas por Walter Jones, e s\u00e3o atra\u00e7\u00e3o a parte, estar\u00e3o estreando novo padr\u00e3o. &nbsp;<\/p>\n<p><\/p>\n<div class=\"separator\" style=\"clear: both; text-align: center;\">\n<a href=\"https:\/\/1.bp.blogspot.com\/-J79QYR3zcpI\/V4q_NlCDLsI\/AAAAAAAACVc\/DgO-Zh1827US_gIC1J8XbmlcTz24VoIlQCLcB\/s1600\/jogo%2B3.jpg\" imageanchor=\"1\" style=\"margin-left: 1em; margin-right: 1em;\"><img loading=\"lazy\" decoding=\"async\" border=\"0\" height=\"400\" src=\"http:\/\/blogdoedvaldomagalhaes.com.br\/wp-content\/uploads\/2016\/07\/jogo3.jpg\" width=\"225\" \/><\/a><\/div>\n<\/div>\n","protected":false},"excerpt":{"rendered":"<p>O fim de semana come\u00e7ou bem para o Central, a equipe de juniores comandada pelo t\u00e9cnico Laelson Lima derrotou o&hellip;<\/p>\n","protected":false},"author":1,"featured_media":0,"comment_status":"open","ping_status":"open","sticky":false,"template":"","format":"standard","meta":{"footnotes":""},"categories":[1],"tags":[2,2952,13516,3,13498,2955,8970,13517,13471,6300],"class_list":["post-8976","post","type-post","status-publish","format-standard","hentry","category-sem-categoria","tag-blog-do-edvaldo-magalhaes","tag-central-de-caruaru","tag-diego-bispo","tag-futebol","tag-guarani-de-juazeiro","tag-lacerdao","tag-laelson-lima","tag-luiz-felipe-portes","tag-parnahyba","tag-walter-jones"],"_links":{"self":[{"href":"https:\/\/blogdoedvaldomagalhaes.com.br\/index.php\/wp-json\/wp\/v2\/posts\/8976","targetHints":{"allow":["GET"]}}],"collection":[{"href":"https:\/\/blogdoedvaldomagalhaes.com.br\/index.php\/wp-json\/wp\/v2\/posts"}],"about":[{"href":"https:\/\/blogdoedvaldomagalhaes.com.br\/index.php\/wp-json\/wp\/v2\/types\/post"}],"author":[{"embeddable":true,"href":"https:\/\/blogdoedvaldomagalhaes.com.br\/index.php\/wp-json\/wp\/v2\/users\/1"}],"replies":[{"embeddable":true,"href":"https:\/\/blogdoedvaldomagalhaes.com.br\/index.php\/wp-json\/wp\/v2\/comments?post=8976"}],"version-history":[{"count":1,"href":"https:\/\/blogdoedvaldomagalhaes.com.br\/index.php\/wp-json\/wp\/v2\/posts\/8976\/revisions"}],"predecessor-version":[{"id":10334,"href":"https:\/\/blogdoedvaldomagalhaes.com.br\/index.php\/wp-json\/wp\/v2\/posts\/8976\/revisions\/10334"}],"wp:attachment":[{"href":"https:\/\/blogdoedvaldomagalhaes.com.br\/index.php\/wp-json\/wp\/v2\/media?parent=8976"}],"wp:term":[{"taxonomy":"category","embeddable":true,"href":"https:\/\/blogdoedvaldomagalhaes.com.br\/index.php\/wp-json\/wp\/v2\/categories?post=8976"},{"taxonomy":"post_tag","embeddable":true,"href":"https:\/\/blogdoedvaldomagalhaes.com.br\/index.php\/wp-json\/wp\/v2\/tags?post=8976"}],"curies":[{"name":"wp","href":"https:\/\/api.w.org\/{rel}","templated":true}]}}