{"id":89755,"date":"2022-11-09T10:25:13","date_gmt":"2022-11-09T13:25:13","guid":{"rendered":"https:\/\/blogdoedvaldomagalhaes.com.br\/?p=89755"},"modified":"2022-11-09T10:25:14","modified_gmt":"2022-11-09T13:25:14","slug":"professores-do-ifpe-caruaru-promovem-auloes-gratuitos-para-o-enem","status":"publish","type":"post","link":"https:\/\/blogdoedvaldomagalhaes.com.br\/index.php\/2022\/11\/09\/professores-do-ifpe-caruaru-promovem-auloes-gratuitos-para-o-enem\/","title":{"rendered":"Professores do IFPE Caruaru promovem aul\u00f5es gratuitos para o ENEM"},"content":{"rendered":"<p style=\"text-align: justify;\"><span style=\"color: initial; font-size: revert;\">Nos dias 11 e 18 de novembro, das 18h30 \u00e0s 21h30, docentes do IFPE Caruaru v\u00e3o oferecer aul\u00f5es gratuitos de prepara\u00e7\u00e3o para o Exame Nacional do Ensino M\u00e9dio (ENEM). A iniciativa faz parte do projeto de Extens\u00e3o IFERA ENEM e \u00e9 direcionada aos estudantes do IFPE e das demais escolas de Caruaru e regi\u00e3o que ir\u00e3o v\u00e3o prestar o exame.<\/span><\/p>\n<p style=\"text-align: justify;\">Para participar \u00e9 preciso fazer a inscri\u00e7\u00e3o atrav\u00e9s de formul\u00e1rio eletr\u00f4nico, dispon\u00edvel em portal.ifpe.edu.br\/caruaru, al\u00e9m de levar 2kg de alimentos n\u00e3o-perec\u00edveis. Ap\u00f3s a inscri\u00e7\u00e3o, tamb\u00e9m \u00e9 necess\u00e1rio que o participante envie os dados atrav\u00e9s da lista de presen\u00e7a, dispon\u00edvel no mesmo endere\u00e7o. Os aul\u00f5es acontecem no Armaz\u00e9m da Criatividade.<\/p>\n<p style=\"text-align: justify;\">&gt;&gt; 11 de novembro<br \/>\nGeografia : M\u00e1rio Benning<br \/>\nReda\u00e7\u00e3o : Rodrigo Pinto<\/p>\n<blockquote><p>&gt; 18 de novembro<br \/>\nMatem\u00e1tica: Alc\u00ed J\u00fanior<br \/>\nF\u00edsica: Tarciso Nunes<br \/>\nQu\u00edmica I : Renato Luiz<br \/>\nQu\u00edmica II : Cleyton Sousa.<\/p><\/blockquote>\n<p style=\"text-align: justify;\">Siga o Instagram @blogdoedvaldomagalhaes<\/p>\n<p style=\"text-align: justify;\">Se inscreva no canal do Blog no YouTube.<\/p>\n","protected":false},"excerpt":{"rendered":"<p>Nos dias 11 e 18 de novembro, das 18h30 \u00e0s 21h30, docentes do IFPE Caruaru v\u00e3o oferecer aul\u00f5es gratuitos de&hellip;<\/p>\n","protected":false},"author":1,"featured_media":89756,"comment_status":"closed","ping_status":"open","sticky":false,"template":"","format":"standard","meta":{"footnotes":""},"categories":[14120],"tags":[2,19532,3406,26024],"class_list":["post-89755","post","type-post","status-publish","format-standard","has-post-thumbnail","hentry","category-noticias","tag-blog-do-edvaldo-magalhaes","tag-blog-mais-acessado-e-visualizado-de-caruaru-e-regiao","tag-caruaru","tag-professores-do-ifpe-caruaru-promovem-auloes-gratuitos-para-o-enem"],"_links":{"self":[{"href":"https:\/\/blogdoedvaldomagalhaes.com.br\/index.php\/wp-json\/wp\/v2\/posts\/89755","targetHints":{"allow":["GET"]}}],"collection":[{"href":"https:\/\/blogdoedvaldomagalhaes.com.br\/index.php\/wp-json\/wp\/v2\/posts"}],"about":[{"href":"https:\/\/blogdoedvaldomagalhaes.com.br\/index.php\/wp-json\/wp\/v2\/types\/post"}],"author":[{"embeddable":true,"href":"https:\/\/blogdoedvaldomagalhaes.com.br\/index.php\/wp-json\/wp\/v2\/users\/1"}],"replies":[{"embeddable":true,"href":"https:\/\/blogdoedvaldomagalhaes.com.br\/index.php\/wp-json\/wp\/v2\/comments?post=89755"}],"version-history":[{"count":1,"href":"https:\/\/blogdoedvaldomagalhaes.com.br\/index.php\/wp-json\/wp\/v2\/posts\/89755\/revisions"}],"predecessor-version":[{"id":89757,"href":"https:\/\/blogdoedvaldomagalhaes.com.br\/index.php\/wp-json\/wp\/v2\/posts\/89755\/revisions\/89757"}],"wp:featuredmedia":[{"embeddable":true,"href":"https:\/\/blogdoedvaldomagalhaes.com.br\/index.php\/wp-json\/wp\/v2\/media\/89756"}],"wp:attachment":[{"href":"https:\/\/blogdoedvaldomagalhaes.com.br\/index.php\/wp-json\/wp\/v2\/media?parent=89755"}],"wp:term":[{"taxonomy":"category","embeddable":true,"href":"https:\/\/blogdoedvaldomagalhaes.com.br\/index.php\/wp-json\/wp\/v2\/categories?post=89755"},{"taxonomy":"post_tag","embeddable":true,"href":"https:\/\/blogdoedvaldomagalhaes.com.br\/index.php\/wp-json\/wp\/v2\/tags?post=89755"}],"curies":[{"name":"wp","href":"https:\/\/api.w.org\/{rel}","templated":true}]}}