{"id":89750,"date":"2022-11-09T09:31:30","date_gmt":"2022-11-09T12:31:30","guid":{"rendered":"https:\/\/blogdoedvaldomagalhaes.com.br\/?p=89750"},"modified":"2022-11-09T09:34:09","modified_gmt":"2022-11-09T12:34:09","slug":"criancas-e-adolescentes-promovem-exposicao-fotografica","status":"publish","type":"post","link":"https:\/\/blogdoedvaldomagalhaes.com.br\/index.php\/2022\/11\/09\/criancas-e-adolescentes-promovem-exposicao-fotografica\/","title":{"rendered":"Crian\u00e7as e adolescentes promovem exposi\u00e7\u00e3o fotogr\u00e1fica"},"content":{"rendered":"<p style=\"text-align: justify;\"><span style=\"font-size: revert; color: initial;\">As crian\u00e7as e adolescentes amparadas pelo servi\u00e7o de conviv\u00eancia e fortalecimento de v\u00ednculos mantido pela Legi\u00e3o da Boa Vontade (LBV), convidam a popula\u00e7\u00e3o Recifense, para a abertura da exposi\u00e7\u00e3o fotogr\u00e1fica \u201cSou a melhor vers\u00e3o de mim mesmo\u201d, nesta sexta-feira (11\/11), \u00e0s 9h, em sua Unidade nos Coelhos. A exposi\u00e7\u00e3o apresenta o resultado de uma proposta socioeducativa desenvolvida na oficina de Cidadania Irrestrita, sobre a identidade dos integrantes do servi\u00e7o Crian\u00e7a: Futuro no Presente!<\/span><\/p>\n<p style=\"text-align: justify;\">S\u00e3o 50 imagens captadas pelo olhar do rep\u00f3rter fotogr\u00e1fico Robsonn Dias, que voluntariamente concedeu seu trabalho aos meninos e meninas da Institui\u00e7\u00e3o na busca da identidade de cada um, projetando o presente e o futuro da melhor vers\u00e3o deles. O educador social, Cosme de Fran\u00e7a, comenta como surgiu a proposta socioeducativa. \u201cNa oficina de Cidadania Irrestrita, observamos que a turma na faixa et\u00e1ria de 11 a 15 anos, apresentava baixa autoestima. Com isso, propomos trabalhar com eles, sobre a imagem pessoal e autovaloriza\u00e7\u00e3o de cada um, que se encontra na transi\u00e7\u00e3o de crian\u00e7a para adolescente\u201d, explica.<\/p>\n<p style=\"text-align: justify;\">Durante as atividades empreendidas com os meninos e meninas, o educador trabalhou empatia, na qual eles puderem se colocar no lugar do outro, compreender as dores do seu pr\u00f3ximo e a pr\u00e1tica de atividades em equipe. \u201cO ensaio fotogr\u00e1fico culminou toda a proposta socioeducativa, onde cada crian\u00e7a e adolescente, trouxe objetos e s\u00edmbolos para que pudessem transmitir a sua representatividade\u201d, esclareceu o educador. O facilitador da oficina de Cidadania Irrestrita, ressalta ainda, \u201cbuscamos elucidar com os beneficiados a import\u00e2ncia de se amarem e valorizar suas ra\u00edzes, perceber quanto s\u00e3o protagonistas de suas pr\u00f3prias hist\u00f3rias, na sua comunidade, na escola e na LBV, ou em qualquer lugar\u201d, afirma Cosme de Fran\u00e7a.<\/p>\n<p style=\"text-align: justify;\">\u201cO resultado est\u00e1 espetacular, e estamos em uma grande expectativa, para recebermos a impress\u00e3o de cada um deles, quando apreciarem a exposi\u00e7\u00e3o\u201d, comenta empolgado.<\/p>\n<p style=\"text-align: justify;\">A abertura da exposi\u00e7\u00e3o \u00e9 gratuita e aberta ao p\u00fablico, no per\u00edodo de 11 \u00e0 18 novembro, de segunda a sexta-feira no hor\u00e1rio das 9h \u00e0s 11h e das 13h30 \u00e0s 16h, no Centro Comunit\u00e1rio de Assist\u00eancia Social da LBV, localizado na Rua dos Coelhos, 219 \u2013 Bairro dos Coelhos \u2013 Regi\u00e3o Central do Recife \u2013 pr\u00f3ximo ao Cais Jos\u00e9 Mariano. Foto: Divulga\u00e7\u00e3o.<\/p>\n<p style=\"text-align: justify;\">Siga o Instagram @blogdoedvaldagalhaes<\/p>\n<p style=\"text-align: justify;\">Se inscreva no canal do Blog no YouTube.<\/p>\n\n\n<figure class=\"wp-block-image size-large\"><img loading=\"lazy\" decoding=\"async\" width=\"662\" height=\"1024\" src=\"https:\/\/blogdoedvaldomagalhaes.com.br\/wp-content\/uploads\/2022\/11\/IMG-20221109-WA0014-662x1024.jpg\" alt=\"\" class=\"wp-image-89753\" srcset=\"https:\/\/blogdoedvaldomagalhaes.com.br\/wp-content\/uploads\/2022\/11\/IMG-20221109-WA0014-662x1024.jpg 662w, https:\/\/blogdoedvaldomagalhaes.com.br\/wp-content\/uploads\/2022\/11\/IMG-20221109-WA0014-194x300.jpg 194w, https:\/\/blogdoedvaldomagalhaes.com.br\/wp-content\/uploads\/2022\/11\/IMG-20221109-WA0014-768x1189.jpg 768w, https:\/\/blogdoedvaldomagalhaes.com.br\/wp-content\/uploads\/2022\/11\/IMG-20221109-WA0014.jpg 827w\" sizes=\"auto, (max-width: 662px) 100vw, 662px\" \/><\/figure>\n","protected":false},"excerpt":{"rendered":"<p>As crian\u00e7as e adolescentes amparadas pelo servi\u00e7o de conviv\u00eancia e fortalecimento de v\u00ednculos mantido pela Legi\u00e3o da Boa Vontade (LBV),&hellip;<\/p>\n","protected":false},"author":1,"featured_media":89752,"comment_status":"closed","ping_status":"open","sticky":false,"template":"","format":"standard","meta":{"footnotes":""},"categories":[14120],"tags":[2,19532,3406,26023],"class_list":["post-89750","post","type-post","status-publish","format-standard","has-post-thumbnail","hentry","category-noticias","tag-blog-do-edvaldo-magalhaes","tag-blog-mais-acessado-e-visualizado-de-caruaru-e-regiao","tag-caruaru","tag-criancas-e-adolescentes-promovem-exposicao-fotografica"],"_links":{"self":[{"href":"https:\/\/blogdoedvaldomagalhaes.com.br\/index.php\/wp-json\/wp\/v2\/posts\/89750","targetHints":{"allow":["GET"]}}],"collection":[{"href":"https:\/\/blogdoedvaldomagalhaes.com.br\/index.php\/wp-json\/wp\/v2\/posts"}],"about":[{"href":"https:\/\/blogdoedvaldomagalhaes.com.br\/index.php\/wp-json\/wp\/v2\/types\/post"}],"author":[{"embeddable":true,"href":"https:\/\/blogdoedvaldomagalhaes.com.br\/index.php\/wp-json\/wp\/v2\/users\/1"}],"replies":[{"embeddable":true,"href":"https:\/\/blogdoedvaldomagalhaes.com.br\/index.php\/wp-json\/wp\/v2\/comments?post=89750"}],"version-history":[{"count":2,"href":"https:\/\/blogdoedvaldomagalhaes.com.br\/index.php\/wp-json\/wp\/v2\/posts\/89750\/revisions"}],"predecessor-version":[{"id":89754,"href":"https:\/\/blogdoedvaldomagalhaes.com.br\/index.php\/wp-json\/wp\/v2\/posts\/89750\/revisions\/89754"}],"wp:featuredmedia":[{"embeddable":true,"href":"https:\/\/blogdoedvaldomagalhaes.com.br\/index.php\/wp-json\/wp\/v2\/media\/89752"}],"wp:attachment":[{"href":"https:\/\/blogdoedvaldomagalhaes.com.br\/index.php\/wp-json\/wp\/v2\/media?parent=89750"}],"wp:term":[{"taxonomy":"category","embeddable":true,"href":"https:\/\/blogdoedvaldomagalhaes.com.br\/index.php\/wp-json\/wp\/v2\/categories?post=89750"},{"taxonomy":"post_tag","embeddable":true,"href":"https:\/\/blogdoedvaldomagalhaes.com.br\/index.php\/wp-json\/wp\/v2\/tags?post=89750"}],"curies":[{"name":"wp","href":"https:\/\/api.w.org\/{rel}","templated":true}]}}