{"id":89745,"date":"2022-11-09T08:59:46","date_gmt":"2022-11-09T11:59:46","guid":{"rendered":"https:\/\/blogdoedvaldomagalhaes.com.br\/?p=89745"},"modified":"2022-11-09T08:59:47","modified_gmt":"2022-11-09T11:59:47","slug":"dois-homens-sao-presos-por-assaltos-em-piedade","status":"publish","type":"post","link":"https:\/\/blogdoedvaldomagalhaes.com.br\/index.php\/2022\/11\/09\/dois-homens-sao-presos-por-assaltos-em-piedade\/","title":{"rendered":"Dois homens s\u00e3o presos por assaltos em Piedade"},"content":{"rendered":"<p style=\"text-align: justify;\"><span style=\"color: initial; font-size: revert;\">Uma dupla foi presa, no final da noite de ter\u00e7a-feira (08\/11), ap\u00f3s cometer uma s\u00e9rie de assaltos em Piedade, Jaboat\u00e3o dos Gurarapes. Policiais militares da CIPMoto realizavam rondas na \u00e1rea, quando receberam informa\u00e7\u00f5es que tr\u00eas suspeitos estavam em um carro da cor prata praticando os crimes no bairro.<\/span><\/p>\n<p style=\"text-align: justify;\">Foram feitas incurs\u00f5es at\u00e9 que o ve\u00edculo foi identificado. Ao notar a presen\u00e7a do efetivo, o motorista empreendeu fuga pela Avenida Bernardo Vieira de Melo, tendo in\u00edcio o acompanhamento, at\u00e9 que o condutor perdeu o controle e colidiu com um poste.<\/p>\n<p style=\"text-align: justify;\">Os suspeitos ainda tentaram continuar a p\u00e9, correndo em dire\u00e7\u00e3o \u00e0 praia, mas dois deles foram alcan\u00e7ados. Com um foi apreendida uma espingarda artesanal calibre .12 com nove muni\u00e7\u00f5es e, com o outro, um rev\u00f3lver calibre .38, com cinco muni\u00e7\u00f5es. Dentro do ve\u00edculo havia ainda duas balaclavas, um celular, uma corrente dourada e R$ 300,00 em esp\u00e9cie.<\/p>\n<p style=\"text-align: justify;\">Em seguida, se apresentaram as v\u00edtimas do grupo, tendo um deles informado ser o propriet\u00e1rio do ve\u00edculo que havia sido roubado no domingo (06\/11) pelos envolvidos, e outros dois homens afirmando terem tido seus estabelecimentos comerciais assaltados por eles.<\/p>\n<p style=\"text-align: justify;\">Ambos foram entregues \u00e0 Pol\u00edcia Civil, juntamente com o material apreendido, para a tomada das provid\u00eancias cab\u00edveis.<\/p>\n\n\n<figure class=\"wp-block-image size-large\"><img loading=\"lazy\" decoding=\"async\" width=\"1024\" height=\"768\" src=\"https:\/\/blogdoedvaldomagalhaes.com.br\/wp-content\/uploads\/2022\/11\/IMG-20221109-WA0012-1024x768.jpg\" alt=\"\" class=\"wp-image-89747\" srcset=\"https:\/\/blogdoedvaldomagalhaes.com.br\/wp-content\/uploads\/2022\/11\/IMG-20221109-WA0012-1024x768.jpg 1024w, https:\/\/blogdoedvaldomagalhaes.com.br\/wp-content\/uploads\/2022\/11\/IMG-20221109-WA0012-300x225.jpg 300w, https:\/\/blogdoedvaldomagalhaes.com.br\/wp-content\/uploads\/2022\/11\/IMG-20221109-WA0012-768x576.jpg 768w, https:\/\/blogdoedvaldomagalhaes.com.br\/wp-content\/uploads\/2022\/11\/IMG-20221109-WA0012-1536x1152.jpg 1536w, https:\/\/blogdoedvaldomagalhaes.com.br\/wp-content\/uploads\/2022\/11\/IMG-20221109-WA0012-160x120.jpg 160w, https:\/\/blogdoedvaldomagalhaes.com.br\/wp-content\/uploads\/2022\/11\/IMG-20221109-WA0012.jpg 1600w\" sizes=\"auto, (max-width: 1024px) 100vw, 1024px\" \/><\/figure>\n\n\n\n<figure class=\"wp-block-image size-large\"><img loading=\"lazy\" decoding=\"async\" width=\"1024\" height=\"847\" src=\"https:\/\/blogdoedvaldomagalhaes.com.br\/wp-content\/uploads\/2022\/11\/IMG-20221109-WA0010-1024x847.jpg\" alt=\"\" class=\"wp-image-89748\" srcset=\"https:\/\/blogdoedvaldomagalhaes.com.br\/wp-content\/uploads\/2022\/11\/IMG-20221109-WA0010-1024x847.jpg 1024w, https:\/\/blogdoedvaldomagalhaes.com.br\/wp-content\/uploads\/2022\/11\/IMG-20221109-WA0010-300x248.jpg 300w, https:\/\/blogdoedvaldomagalhaes.com.br\/wp-content\/uploads\/2022\/11\/IMG-20221109-WA0010-768x635.jpg 768w, https:\/\/blogdoedvaldomagalhaes.com.br\/wp-content\/uploads\/2022\/11\/IMG-20221109-WA0010.jpg 1280w\" sizes=\"auto, (max-width: 1024px) 100vw, 1024px\" \/><figcaption>Fotos: Divulga\u00e7\u00e3o\/PMPE<\/figcaption><\/figure>\n","protected":false},"excerpt":{"rendered":"<p>Uma dupla foi presa, no final da noite de ter\u00e7a-feira (08\/11), ap\u00f3s cometer uma s\u00e9rie de assaltos em Piedade, Jaboat\u00e3o&hellip;<\/p>\n","protected":false},"author":1,"featured_media":89746,"comment_status":"closed","ping_status":"open","sticky":false,"template":"","format":"standard","meta":{"footnotes":""},"categories":[14121],"tags":[2,19532,3406,26022],"class_list":["post-89745","post","type-post","status-publish","format-standard","has-post-thumbnail","hentry","category-policial","tag-blog-do-edvaldo-magalhaes","tag-blog-mais-acessado-e-visualizado-de-caruaru-e-regiao","tag-caruaru","tag-dois-homens-sao-presos-por-assaltos-em-piedade"],"_links":{"self":[{"href":"https:\/\/blogdoedvaldomagalhaes.com.br\/index.php\/wp-json\/wp\/v2\/posts\/89745","targetHints":{"allow":["GET"]}}],"collection":[{"href":"https:\/\/blogdoedvaldomagalhaes.com.br\/index.php\/wp-json\/wp\/v2\/posts"}],"about":[{"href":"https:\/\/blogdoedvaldomagalhaes.com.br\/index.php\/wp-json\/wp\/v2\/types\/post"}],"author":[{"embeddable":true,"href":"https:\/\/blogdoedvaldomagalhaes.com.br\/index.php\/wp-json\/wp\/v2\/users\/1"}],"replies":[{"embeddable":true,"href":"https:\/\/blogdoedvaldomagalhaes.com.br\/index.php\/wp-json\/wp\/v2\/comments?post=89745"}],"version-history":[{"count":1,"href":"https:\/\/blogdoedvaldomagalhaes.com.br\/index.php\/wp-json\/wp\/v2\/posts\/89745\/revisions"}],"predecessor-version":[{"id":89749,"href":"https:\/\/blogdoedvaldomagalhaes.com.br\/index.php\/wp-json\/wp\/v2\/posts\/89745\/revisions\/89749"}],"wp:featuredmedia":[{"embeddable":true,"href":"https:\/\/blogdoedvaldomagalhaes.com.br\/index.php\/wp-json\/wp\/v2\/media\/89746"}],"wp:attachment":[{"href":"https:\/\/blogdoedvaldomagalhaes.com.br\/index.php\/wp-json\/wp\/v2\/media?parent=89745"}],"wp:term":[{"taxonomy":"category","embeddable":true,"href":"https:\/\/blogdoedvaldomagalhaes.com.br\/index.php\/wp-json\/wp\/v2\/categories?post=89745"},{"taxonomy":"post_tag","embeddable":true,"href":"https:\/\/blogdoedvaldomagalhaes.com.br\/index.php\/wp-json\/wp\/v2\/tags?post=89745"}],"curies":[{"name":"wp","href":"https:\/\/api.w.org\/{rel}","templated":true}]}}